{"id":32035,"date":"2019-05-04T04:00:52","date_gmt":"2019-05-04T08:00:52","guid":{"rendered":"https:\/\/linitiative.ca\/International\/le-forum-pharmaceutique-international-les-5-et-6-juillet-a-marrakech\/"},"modified":"2019-05-04T04:00:52","modified_gmt":"2019-05-04T08:00:52","slug":"le-forum-pharmaceutique-international-les-5-et-6-juillet-a-marrakech","status":"publish","type":"post","link":"https:\/\/linitiative.ca\/International\/le-forum-pharmaceutique-international-les-5-et-6-juillet-a-marrakech\/","title":{"rendered":"Le Forum pharmaceutique international les 5 et 6 juillet \u00e0 Marrakech"},"content":{"rendered":"<header>\n<\/header>\n<div class=\"entry-content clearfix\" readability=\"50\"><img decoding=\"async\" class=\"post_layout_5_img\" src=\"http:\/\/aujourdhui.ma\/wp-content\/uploads\/2019\/05\/FPI-2019-Marrakech.jpg?x29840\" alt=\"Le Forum pharmaceutique international les 5 et 6 juillet \u00e0 Marrakech\"\/><\/p>\n<p class=\"p1\"><span class=\"c4\"><strong>Plus de 3.000 participants de 25 pays sont attendus<\/strong><\/span> <span id=\"more-310466\"\/><\/p>\n<p class=\"p1\"><span class=\"s1\">La 20\u00e8me \u00e9dition du Forum pharmaceutique international se tiendra les 5 et 6 juillet \u00e0 Marrakech sous le th\u00e8me \u00abla s\u00e9curit\u00e9 et la qualit\u00e9 de l\u2019acte pharmaceutique et de la biologie m\u00e9dicale \u00bb. Initi\u00e9 par l\u2019Inter Ordre des pharmaciens d\u2019Afrique (IOPA), l\u2019Intersyndicale des pharmaciens d\u2019Afrique, l\u2019Association des centrales d\u2019achat des m\u00e9dicaments essentiels (Acame) et les directions des m\u00e9dicaments et de la pharmacie, sous l\u2019\u00e9gide du minist\u00e8re de la sant\u00e9 et du Conseil national de l\u2019Ordre des pharmaciens, le forum verra la participation de plus de 3.000 participants de 25 pays.<\/span><\/p>\n<p class=\"p1\"><span class=\"s1\">Cet \u00e9v\u00e8nement a pour objectif de cr\u00e9er un cadre appropri\u00e9 d\u2019\u00e9changes pour les pharmaciens de toutes sp\u00e9cialit\u00e9s afin de partager les connaissances actualis\u00e9es n\u00e9cessaires \u00e0 l\u2019exercice de la profession. Le pr\u00e9sident de l\u2019IOPA, Lotfi Benbahmed, a soulign\u00e9 que le choix du th\u00e8me de cette nouvelle \u00e9dition d\u00e9coule de l\u2019importance de promouvoir en Afrique un secteur pharmaceutique respectueux des normes internationales, au service de la sant\u00e9 publique des Africains. <em>\u00abIl s\u2019agit de renforcer l\u2019accessibilit\u00e9 et la qualit\u00e9 des m\u00e9dicaments dans le continent africain et de faire du secteur pharmaceutique un levier de croissance pour nos pays\u00bb<\/em>, a-t-il soulign\u00e9.<\/span><\/p>\n<\/div>\n<p>Auteur: ALM<br \/>\n<a href=\"http:\/\/aujourdhui.ma\/societe\/le-forum-pharmaceutique-international-les-5-et-6-juillet-a-marrakech\">Cliquez ici pour lire l&rsquo;article depuis sa source.<\/a><\/p>\n","protected":false},"excerpt":{"rendered":"<p>Plus de 3.000 participants de 25 pays sont attendus La 20\u00e8me \u00e9dition du Forum pharmaceutique international se tiendra les 5 et 6 juillet \u00e0 Marrakech sous le th\u00e8me \u00abla s\u00e9curit\u00e9 et la qualit\u00e9 de l\u2019acte pharmaceutique et de la biologie m\u00e9dicale \u00bb. Initi\u00e9 par l\u2019Inter Ordre des pharmaciens d\u2019Afrique (IOPA), l\u2019Intersyndicale des pharmaciens d\u2019Afrique, l\u2019Association [&hellip;]<\/p>\n","protected":false},"author":1759,"featured_media":0,"comment_status":"closed","ping_status":"closed","sticky":false,"template":"","format":"standard","meta":{"fifu_image_url":"","fifu_image_alt":"","footnotes":""},"categories":[73,54],"tags":[],"class_list":["post-32035","post","type-post","status-publish","format-standard","hentry","category-actualite","category-maroc"],"_links":{"self":[{"href":"https:\/\/linitiative.ca\/International\/wp-json\/wp\/v2\/posts\/32035","targetHints":{"allow":["GET"]}}],"collection":[{"href":"https:\/\/linitiative.ca\/International\/wp-json\/wp\/v2\/posts"}],"about":[{"href":"https:\/\/linitiative.ca\/International\/wp-json\/wp\/v2\/types\/post"}],"author":[{"embeddable":true,"href":"https:\/\/linitiative.ca\/International\/wp-json\/wp\/v2\/users\/1759"}],"replies":[{"embeddable":true,"href":"https:\/\/linitiative.ca\/International\/wp-json\/wp\/v2\/comments?post=32035"}],"version-history":[{"count":0,"href":"https:\/\/linitiative.ca\/International\/wp-json\/wp\/v2\/posts\/32035\/revisions"}],"wp:attachment":[{"href":"https:\/\/linitiative.ca\/International\/wp-json\/wp\/v2\/media?parent=32035"}],"wp:term":[{"taxonomy":"category","embeddable":true,"href":"https:\/\/linitiative.ca\/International\/wp-json\/wp\/v2\/categories?post=32035"},{"taxonomy":"post_tag","embeddable":true,"href":"https:\/\/linitiative.ca\/International\/wp-json\/wp\/v2\/tags?post=32035"}],"curies":[{"name":"wp","href":"https:\/\/api.w.org\/{rel}","templated":true}]}}