{"id":32039,"date":"2019-05-04T04:08:36","date_gmt":"2019-05-04T08:08:36","guid":{"rendered":"https:\/\/linitiative.ca\/International\/taza-il-tue-sa-fille-et-maquille-son-crime-en-suicide\/"},"modified":"2019-05-04T04:08:36","modified_gmt":"2019-05-04T08:08:36","slug":"taza-il-tue-sa-fille-et-maquille-son-crime-en-suicide","status":"publish","type":"post","link":"https:\/\/linitiative.ca\/International\/taza-il-tue-sa-fille-et-maquille-son-crime-en-suicide\/","title":{"rendered":"Taza : Il tue sa fille et maquille son crime en suicide"},"content":{"rendered":"<header>\n<\/header>\n<div class=\"entry-content clearfix\" readability=\"63\"><img decoding=\"async\" class=\"post_layout_5_img\" src=\"http:\/\/aujourdhui.ma\/wp-content\/uploads\/2017\/08\/Arrestation-police-Maroc.jpg?x29840\" alt=\"Taza : Il tue sa fille et maquille son crime en suicide\"\/><\/p>\n<p class=\"p1\"><span class=\"s1\"><span class=\"c4\"><strong>Les larmes aux yeux, ce p\u00e8re de famille, qui demeure dans la commune rurale de Tizi Ouasli de la subdivision de Taza, se rend chez un agent d\u2019autorit\u00e9 et l\u2019informe que sa fille, \u00e2g\u00e9e de vingt-trois ans, s\u2019est donn\u00e9 la mort par pendaison.<\/strong><\/span><\/span><span id=\"more-310544\"\/><\/p>\n<p class=\"p1\"><span class=\"s1\">Il pr\u00e9cise qu\u2019il a d\u00e9couvert son cadavre pendu \u00e0 une corde accroch\u00e9e \u00e0 un arbre non loin de chez lui. Sa fille aurait souffert, ces derniers jours, de troubles psychiques. Apr\u00e8s l\u2019avoir consol\u00e9, l\u2019agent de l\u2019autorit\u00e9 s\u2019appr\u00eate \u00e0 aller informer les gendarmes. Mais \u00e0 sa grande surprise, le p\u00e8re de famille lui demande de l\u2019aider \u00e0 enterrer rapidement sa fille sans passer par l\u2019autopsie. Avant m\u00eame que l\u2019agent r\u00e9plique il lui propose de soudoyer les gendarmes de la r\u00e9gion avec une somme de neuf mille dirhams pour qu\u2019ils facilitent la proc\u00e9dure d\u2019enterrement.<\/span><\/p>\n<p class=\"p1\"><span class=\"s1\">Mais, en homme int\u00e8gre, l\u2019agent d\u2019autorit\u00e9 s\u2019empresse d\u2019aller chez les gendarmes et leur raconte tout. Inform\u00e9, le parquet g\u00e9n\u00e9ral pr\u00e8s la Cour d\u2019appel de Taza donne ses instructions pour que le cadavre soit autopsi\u00e9 et un rapport soit dress\u00e9 par le m\u00e9decin l\u00e9giste.<\/span><\/p>\n<p class=\"p1\"><span class=\"s1\">Quelques jours plus tard, le rapport en question arrive au bureau du chef de la brigade charg\u00e9e de l\u2019affaire. Il s\u2019agit bien d\u2019un meurtre et non pas d\u2019un suicide. Les soup\u00e7ons s\u2019orientent tout naturellement<span class=\"Apple-converted-space\">\u00a0<\/span> vers le p\u00e8re de la d\u00e9funte. Soumis \u00e0 des interrogatoires serr\u00e9s il crache rapidement le morceau. C\u2019est lui qui a tu\u00e9 sa fille et a tent\u00e9 de faire croire \u00e0 un suicide. Sa fille entretenait une relation amoureuse avec un jeune homme. Un comportement qui a port\u00e9, a-t-il dit, atteinte \u00e0 son honneur. C\u2019est la raison pour laquelle il l\u2019a \u00e9touff\u00e9e avant de transporter son cadavre en dehors de chez lui et l\u2019accrocher \u00e0 un arbre pour faire croire aux enqu\u00eateurs qu\u2019il s\u2019agit d\u2019un suicide.\u00a0<\/span><\/p>\n<\/div>\n<p>Auteur: Abderrafii ALOUMLIKI<br \/>\n<a href=\"http:\/\/aujourdhui.ma\/faits-divers\/taza-il-tue-sa-fille-et-maquille-son-crime-en-suicide\">Cliquez ici pour lire l&rsquo;article depuis sa source.<\/a><\/p>\n","protected":false},"excerpt":{"rendered":"<p>Les larmes aux yeux, ce p\u00e8re de famille, qui demeure dans la commune rurale de Tizi Ouasli de la subdivision de Taza, se rend chez un agent d\u2019autorit\u00e9 et l\u2019informe que sa fille, \u00e2g\u00e9e de vingt-trois ans, s\u2019est donn\u00e9 la mort par pendaison. Il pr\u00e9cise qu\u2019il a d\u00e9couvert son cadavre pendu \u00e0 une corde accroch\u00e9e [&hellip;]<\/p>\n","protected":false},"author":1759,"featured_media":0,"comment_status":"closed","ping_status":"closed","sticky":false,"template":"","format":"standard","meta":{"fifu_image_url":"","fifu_image_alt":"","footnotes":""},"categories":[73,54],"tags":[],"class_list":["post-32039","post","type-post","status-publish","format-standard","hentry","category-actualite","category-maroc"],"_links":{"self":[{"href":"https:\/\/linitiative.ca\/International\/wp-json\/wp\/v2\/posts\/32039","targetHints":{"allow":["GET"]}}],"collection":[{"href":"https:\/\/linitiative.ca\/International\/wp-json\/wp\/v2\/posts"}],"about":[{"href":"https:\/\/linitiative.ca\/International\/wp-json\/wp\/v2\/types\/post"}],"author":[{"embeddable":true,"href":"https:\/\/linitiative.ca\/International\/wp-json\/wp\/v2\/users\/1759"}],"replies":[{"embeddable":true,"href":"https:\/\/linitiative.ca\/International\/wp-json\/wp\/v2\/comments?post=32039"}],"version-history":[{"count":0,"href":"https:\/\/linitiative.ca\/International\/wp-json\/wp\/v2\/posts\/32039\/revisions"}],"wp:attachment":[{"href":"https:\/\/linitiative.ca\/International\/wp-json\/wp\/v2\/media?parent=32039"}],"wp:term":[{"taxonomy":"category","embeddable":true,"href":"https:\/\/linitiative.ca\/International\/wp-json\/wp\/v2\/categories?post=32039"},{"taxonomy":"post_tag","embeddable":true,"href":"https:\/\/linitiative.ca\/International\/wp-json\/wp\/v2\/tags?post=32039"}],"curies":[{"name":"wp","href":"https:\/\/api.w.org\/{rel}","templated":true}]}}