{"id":32040,"date":"2019-05-04T04:10:28","date_gmt":"2019-05-04T08:10:28","guid":{"rendered":"https:\/\/linitiative.ca\/International\/ramed-pres-de-5-millions-denfants-beneficiaires-en-2018\/"},"modified":"2019-05-04T04:10:28","modified_gmt":"2019-05-04T08:10:28","slug":"ramed-pres-de-5-millions-denfants-beneficiaires-en-2018","status":"publish","type":"post","link":"https:\/\/linitiative.ca\/International\/ramed-pres-de-5-millions-denfants-beneficiaires-en-2018\/","title":{"rendered":"Ramed : Pr\u00e8s de 5 millions d\u2019enfants b\u00e9n\u00e9ficiaires en 2018"},"content":{"rendered":"<p><img decoding=\"async\" class=\"post_layout_5_img\" src=\"http:\/\/aujourdhui.ma\/wp-content\/uploads\/2019\/05\/Ramed.jpg?x29840\" alt=\"Ramed : Pr\u00e8s de 5 millions d\u2019enfants b\u00e9n\u00e9ficiaires en 2018\"\/><\/p>\n<p class=\"p1\"><span class=\"s1\"><span class=\"c4\"><strong>Le nombre des enfants b\u00e9n\u00e9ficiant du R\u00e9gime d\u2019assistance-m\u00e9dicale (Ramed) est pass\u00e9 de 3,9 millions en 2016 \u00e0 4,9 millions en 2018.<\/strong><\/span><\/span><span id=\"more-310511\"\/><\/p>\n<p class=\"p1\"><span class=\"s1\">C\u2019est ce qu\u2019a indiqu\u00e9 mardi \u00e0 Rabat le chef de gouvernement Sa\u00e2d Eddine El Othmani \u00e0 l\u2019occasion de l\u2019ouverture des travaux de la Commission minist\u00e9rielle charg\u00e9e du suivi et de la mise en \u0153uvre des politiques et plans d\u2019action nationaux en mati\u00e8re de promotion et de protection de l\u2019enfance. Malgr\u00e9 quelques avanc\u00e9es positives depuis sa g\u00e9n\u00e9ralisation en 2012, le Ramed est confront\u00e9 \u00e0 plusieurs probl\u00e8mes ayant trait notamment au ciblage, \u00e0 l\u2019am\u00e9lioration du processus d\u2019\u00e9ligibilit\u00e9, la qualit\u00e9 de service aux b\u00e9n\u00e9ficiaires, ainsi que l\u2019am\u00e9lioration du financement et de sa gouvernance. Les subventions r\u00e9serv\u00e9es au R\u00e9gime sont insuffisantes vu la part importante des pauvres parmi les b\u00e9n\u00e9ficiaires. La population b\u00e9n\u00e9ficiaire \u00ab\u00e9tiquet\u00e9e comme pauvre\u00bb repr\u00e9sente 91%, tandis que seulement 9% sont \u00abclass\u00e9s comme vuln\u00e9rables\u00bb.<\/span><\/p>\n<p class=\"p1\"><span class=\"s1\">Il faut rappeler \u00e0 ce sujet que les pauvres absolus sont exempt\u00e9s du paiement des cotisations. Seules les personnes vuln\u00e9rables sont contraintes de verser une cotisation annuelle qui est fix\u00e9e \u00e0 120 DH par personne, plafonn\u00e9e \u00e0 600 DH par famille. S\u2019agissant du financement du R\u00e9gime, l \u2019Observatoire national de d\u00e9veloppement humain (ONDH) avait relev\u00e9 dans son rapport sur l\u2019\u00e9valuation du Ramed que la mobilisation des ressources de financement reste insuffisante et al\u00e9atoire. \u00ab<em>Les cr\u00e9dits qui lui sont allou\u00e9s ne sont pas individualis\u00e9s, ce qui rend leur tra\u00e7abilit\u00e9 et le contr\u00f4le de leur destination difficiles\u00bb<\/em>, avait d\u00e9plor\u00e9 l\u2019Observatoire. Celui-ci avait appel\u00e9 \u00e0 la mise en place dans les plus brefs d\u00e9lais d\u2019un organe de gestion. En termes de ciblage, l\u2019ONDH avait sugg\u00e9r\u00e9 une r\u00e9vision r\u00e9guli\u00e8re des crit\u00e8res d\u2019\u00e9ligibilit\u00e9 afin de garantir un acc\u00e8s \u00e9quitable. Outre les probl\u00e8mes de financement et de gestion, se pose le probl\u00e8me d\u2019acc\u00e8s au R\u00e9gime pour les plus d\u00e9munis, notamment ceux vivant dans les r\u00e9gions enclav\u00e9es o\u00f9 se pose initialement la question de l\u2019acc\u00e8s aux soins. Le plus grand d\u00e9fi que devra relever le R\u00e9gime est li\u00e9 \u00e0 sa p\u00e9rennit\u00e9.<\/span><\/p>\n<p class=\"p3\"><span class=\"s1\"><strong>Un projet de r\u00e9forme en cours<\/strong><\/span><\/p>\n<p class=\"p1\">Pour rem\u00e9dier \u00e0 ces nombreux obstacles, le minist\u00e8re de la sant\u00e9 se penche actuellement sur l\u2019\u00e9laboration d\u2019un projet pour la r\u00e9forme du Ramed et ce conform\u00e9ment aux Hautes directives royales. En effet, le Souverain avait donn\u00e9 ses Hautes instructions pour poursuivre la r\u00e9flexion sur les diff\u00e9rents sc\u00e9narios de r\u00e9forme \u00e0 l\u2019\u00e9tude et ce, en coordination avec les d\u00e9partements et organismes concern\u00e9s, en l\u2019occurrence les minist\u00e8res de l\u2019int\u00e9rieur et de l\u2019\u00e9conomie et des finances. S\u2019agissant du bilan des sept ann\u00e9es de sa mise en \u0153uvre, le ministre de la sant\u00e9 l\u2019a<span class=\"Apple-converted-space\">\u00a0<\/span> qualifi\u00e9 de \u00abglobalement positif\u00bb tant sur le plan qualitatif que quantitatif. Chiffres \u00e0 l\u2019appui, le ministre a pr\u00e9cis\u00e9 que plus de 38 millions de prestations m\u00e9dicales ont \u00e9t\u00e9 fournies, y compris des soins de sant\u00e9 tr\u00e8s co\u00fbteux au sein des CHU comme la greffe d\u2019organes. Le minist\u00e8re de la sant\u00e9 s\u2019emploie, gr\u00e2ce au r\u00e9gime d\u2019assistance m\u00e9dicale, \u00e0 fournir des services d\u2019h\u00e9modialyse pour un montant avoisinant les 300 millions de dirhams chaque ann\u00e9e. Depuis sa g\u00e9n\u00e9ralisation, le R\u00e9gime a contribu\u00e9 \u00e0 l\u2019extension de l\u2019\u00e9ventail des b\u00e9n\u00e9ficiaires de la couverture m\u00e9dicale pour atteindre 62,7%, soit plus de 12 millions de b\u00e9n\u00e9ficiaires, dont 8 millions de b\u00e9n\u00e9ficiaires porteurs d\u2019une carte Ramed valable.<\/p>\n<p>Auteur: ALM<br \/>\n<a href=\"http:\/\/aujourdhui.ma\/societe\/ramed-pres-de-5-millions-denfants-beneficiaires-en-2018\">Cliquez ici pour lire l&rsquo;article depuis sa source.<\/a><\/p>\n","protected":false},"excerpt":{"rendered":"<p>Le nombre des enfants b\u00e9n\u00e9ficiant du R\u00e9gime d\u2019assistance-m\u00e9dicale (Ramed) est pass\u00e9 de 3,9 millions en 2016 \u00e0 4,9 millions en 2018. C\u2019est ce qu\u2019a indiqu\u00e9 mardi \u00e0 Rabat le chef de gouvernement Sa\u00e2d Eddine El Othmani \u00e0 l\u2019occasion de l\u2019ouverture des travaux de la Commission minist\u00e9rielle charg\u00e9e du suivi et de la mise en \u0153uvre [&hellip;]<\/p>\n","protected":false},"author":1759,"featured_media":0,"comment_status":"closed","ping_status":"closed","sticky":false,"template":"","format":"standard","meta":{"fifu_image_url":"","fifu_image_alt":"","footnotes":""},"categories":[73,54],"tags":[],"class_list":["post-32040","post","type-post","status-publish","format-standard","hentry","category-actualite","category-maroc"],"_links":{"self":[{"href":"https:\/\/linitiative.ca\/International\/wp-json\/wp\/v2\/posts\/32040","targetHints":{"allow":["GET"]}}],"collection":[{"href":"https:\/\/linitiative.ca\/International\/wp-json\/wp\/v2\/posts"}],"about":[{"href":"https:\/\/linitiative.ca\/International\/wp-json\/wp\/v2\/types\/post"}],"author":[{"embeddable":true,"href":"https:\/\/linitiative.ca\/International\/wp-json\/wp\/v2\/users\/1759"}],"replies":[{"embeddable":true,"href":"https:\/\/linitiative.ca\/International\/wp-json\/wp\/v2\/comments?post=32040"}],"version-history":[{"count":0,"href":"https:\/\/linitiative.ca\/International\/wp-json\/wp\/v2\/posts\/32040\/revisions"}],"wp:attachment":[{"href":"https:\/\/linitiative.ca\/International\/wp-json\/wp\/v2\/media?parent=32040"}],"wp:term":[{"taxonomy":"category","embeddable":true,"href":"https:\/\/linitiative.ca\/International\/wp-json\/wp\/v2\/categories?post=32040"},{"taxonomy":"post_tag","embeddable":true,"href":"https:\/\/linitiative.ca\/International\/wp-json\/wp\/v2\/tags?post=32040"}],"curies":[{"name":"wp","href":"https:\/\/api.w.org\/{rel}","templated":true}]}}