{"id":32041,"date":"2019-05-04T04:10:33","date_gmt":"2019-05-04T08:10:33","guid":{"rendered":"https:\/\/linitiative.ca\/International\/festival-de-fes-des-musiques-sacrees-du-monde-marcel-khalifa-sami-yusuf-et-les-autres\/"},"modified":"2019-05-04T04:10:33","modified_gmt":"2019-05-04T08:10:33","slug":"festival-de-fes-des-musiques-sacrees-du-monde-marcel-khalifa-sami-yusuf-et-les-autres","status":"publish","type":"post","link":"https:\/\/linitiative.ca\/International\/festival-de-fes-des-musiques-sacrees-du-monde-marcel-khalifa-sami-yusuf-et-les-autres\/","title":{"rendered":"Festival de F\u00e8s des musiques sacr\u00e9es du monde : Marcel Khalifa, Sami Yusuf  et les autres"},"content":{"rendered":"<p><img decoding=\"async\" class=\"post_layout_5_img\" src=\"http:\/\/aujourdhui.ma\/wp-content\/uploads\/2019\/05\/Festival-de-Fe%CC%80s-des-musiques-sacre%CC%81es-du-monde-Marcel-Khalifa-Sami-Yusuf.jpg?x29840\" alt=\"Festival de F\u00e8s des musiques sacr\u00e9es du monde : Marcel Khalifa, Sami Yusuf et les autres\"\/><\/p>\n<p class=\"p1\"><span class=\"s1 c5\"><strong><span class=\"c4\">Le Festival de F\u00e8s des musiques sacr\u00e9es du monde, qui se tiendra du 14 au 22 juin sous le Haut patronage de SM le Roi Mohammed VI, est d\u00e9sormais s\u00e9culaire.<\/span><\/strong><\/span> <span id=\"more-310522\"\/><\/p>\n<p class=\"p1\"><span class=\"s1\">Cette ann\u00e9e, cette grande manifestation spirituelle bouclera sa 25\u00e8me \u00e9dition, un quart de si\u00e8cle comme le pr\u00e9cise son pr\u00e9sident, Abderrafih Zouitene, qui s\u2019exprime sur la particularit\u00e9 de ce festival initi\u00e9 par la Fondation Esprit de F\u00e8s. <em>\u00abL\u2019\u00e9dition 2019 rev\u00eat un aura exceptionnel d\u2019autant qu\u2019elle co\u00efncide avec la vingti\u00e8me ann\u00e9e de l\u2019intronisation de Sa Majest\u00e9 le Roi\u00bb<\/em>, indique-t-il. A son tour, la programmation de cette \u00e9dition, organis\u00e9e sous la th\u00e9matique \u00abF\u00e8s, \u00e0 la confluence des cultures\u00bb, sera, selon ses dires, exceptionnelle afin de c\u00e9l\u00e9brer cet \u00e9v\u00e9nement. <em>\u00abLa programmation musicale rassemblera plus de trente pays et plusieurs moments forts\u00bb,<\/em> d\u00e9taille M. Zouitene. Ainsi, le festival s\u2019ouvrira, \u00e0 Bab El Makina, avec une cr\u00e9ation \u00abunique\u00bb comme il la qualifie. Intitul\u00e9e \u00abF\u00e8s, m\u00e9moire du futur\u00bb, cette cr\u00e9ation relatera, selon les initiateurs, <em>\u00abl\u2019enfance d\u2019Idriss II peupl\u00e9e de l\u00e9gendes et d\u2019anecdotes sur son g\u00e9nie pr\u00e9coce qui le m\u00e8nera \u00e0 \u00eatre proclam\u00e9 imam \u00e0 l\u2019\u00e2ge de onze ans\u00bb<\/em>. De quoi offrir un apprentissage aux festivaliers qui savoureront la performance de nombreux artistes marocains, portant l\u2019h\u00e9ritage arabe, andalou, amazigh et juif, ainsi que d\u2019autres persans, arm\u00e9niens, tunisiens, palestiniens ou encore du Sultanat d\u2019Oman.<\/span><\/p>\n<p class=\"p1\"><span class=\"s1\">Sur la m\u00eame sc\u00e8ne, le public assistera, le lendemain, au concert de la star Sami Yusuf, un des plus grands chanteurs soufis. C\u2019est en fait l\u2019une des belles surprises de cette \u00e9dition qui fait \u00e9galement une offre all\u00e9chante pour les festivaliers qui appr\u00e9cieront, le 16 juin dans le m\u00eame espace, la voix \u00e9minent de l\u2019artiste, Marcel Khalifa.\u00a0<\/span><\/p>\n<p class=\"p1\"><span class=\"s1\">Le programme du festival comprend, de plus, la performance de Carlos Nunez Ma\u00eetre de la cornemuse Ga\u00efta et l\u2019Ensemble traditionnel d\u2019Oujda Espagne-Maroc qui se produiront le 18 juin au jardin Jnan Sbil. Dans le m\u00eame espace, le World Youth Orchestra, symbole de paix et de dialogue, se produira le 19 juin au jardin Jnan Sbil avec l\u2019Ensemble andalou de F\u00e8s. Le m\u00eame jour, le complexe Ben Youssef, un autre espace qui s\u2019ajoute cette ann\u00e9e aux sites du festival, vibrera aux rythmes des chants et danses rituels cubains des femmes de la Santeria appel\u00e9es \u00abObini Bata\u00bb. L\u2019art du Muwashah n\u2019est pas en reste. Lors de cette \u00e9dition, il viendra directement d\u2019Alep \u00e0 F\u00e8s le temps d\u2019une fusion, le 21 juin \u00e0 Bab El Makina, entre l\u2019orchestre arabo-andalou de F\u00e8s dirig\u00e9 par Mohamed Briouel et Omar Samrini avec l\u2019orchestre syrien de Paris. Dans une autre partie de la ville, une performance d\u2019enfants intitul\u00e9e \u00abQuelle distance entre le soleil et la terre ?\u00bb retentira dans le Palais Glaoui, qui s\u2019ajoute \u00e0 son tour aux sites du festival qui laisse le meilleur pour la fin. Et c\u2019est la grande nuit du Flamenco avec Jos\u00e9 Merce et Tomatito qui \u00e9gaiera la cl\u00f4ture de cette manifestation dont le forum de F\u00e8s fait \u00e9galement partie int\u00e9grante.<\/span><\/p>\n<p>Auteur: ALM<br \/>\n<a href=\"http:\/\/aujourdhui.ma\/culture\/musique\/festival-de-fes-des-musiques-sacrees-du-monde-marcel-khalifa-sami-yusuf-et-les-autres\">Cliquez ici pour lire l&rsquo;article depuis sa source.<\/a><\/p>\n","protected":false},"excerpt":{"rendered":"<p>Le Festival de F\u00e8s des musiques sacr\u00e9es du monde, qui se tiendra du 14 au 22 juin sous le Haut patronage de SM le Roi Mohammed VI, est d\u00e9sormais s\u00e9culaire. Cette ann\u00e9e, cette grande manifestation spirituelle bouclera sa 25\u00e8me \u00e9dition, un quart de si\u00e8cle comme le pr\u00e9cise son pr\u00e9sident, Abderrafih Zouitene, qui s\u2019exprime sur la [&hellip;]<\/p>\n","protected":false},"author":1759,"featured_media":0,"comment_status":"closed","ping_status":"closed","sticky":false,"template":"","format":"standard","meta":{"fifu_image_url":"","fifu_image_alt":"","footnotes":""},"categories":[73,54],"tags":[],"class_list":["post-32041","post","type-post","status-publish","format-standard","hentry","category-actualite","category-maroc"],"_links":{"self":[{"href":"https:\/\/linitiative.ca\/International\/wp-json\/wp\/v2\/posts\/32041","targetHints":{"allow":["GET"]}}],"collection":[{"href":"https:\/\/linitiative.ca\/International\/wp-json\/wp\/v2\/posts"}],"about":[{"href":"https:\/\/linitiative.ca\/International\/wp-json\/wp\/v2\/types\/post"}],"author":[{"embeddable":true,"href":"https:\/\/linitiative.ca\/International\/wp-json\/wp\/v2\/users\/1759"}],"replies":[{"embeddable":true,"href":"https:\/\/linitiative.ca\/International\/wp-json\/wp\/v2\/comments?post=32041"}],"version-history":[{"count":0,"href":"https:\/\/linitiative.ca\/International\/wp-json\/wp\/v2\/posts\/32041\/revisions"}],"wp:attachment":[{"href":"https:\/\/linitiative.ca\/International\/wp-json\/wp\/v2\/media?parent=32041"}],"wp:term":[{"taxonomy":"category","embeddable":true,"href":"https:\/\/linitiative.ca\/International\/wp-json\/wp\/v2\/categories?post=32041"},{"taxonomy":"post_tag","embeddable":true,"href":"https:\/\/linitiative.ca\/International\/wp-json\/wp\/v2\/tags?post=32041"}],"curies":[{"name":"wp","href":"https:\/\/api.w.org\/{rel}","templated":true}]}}