{"id":32046,"date":"2019-05-04T11:50:02","date_gmt":"2019-05-04T15:50:02","guid":{"rendered":"https:\/\/linitiative.ca\/International\/bourita-la-resolution-2468-revet-une-importance-particuliere\/"},"modified":"2019-05-04T11:50:02","modified_gmt":"2019-05-04T15:50:02","slug":"bourita-la-resolution-2468-revet-une-importance-particuliere","status":"publish","type":"post","link":"https:\/\/linitiative.ca\/International\/bourita-la-resolution-2468-revet-une-importance-particuliere\/","title":{"rendered":"Bourita: la  r\u00e9solution 2468  rev\u00eat une importance \u00abparticuli\u00e8re\u00bb"},"content":{"rendered":"<p class=\"c4\"><span class=\"c3\"><strong><span class=\"c2\">L<\/span>a r\u00e9solution 2468 sur le Sahara, adopt\u00e9e mardi par le Conseil de s\u00e9curit\u00e9 des Nations unies, rev\u00eat une importance particuli\u00e8re, a affirm\u00e9 le ministre des Affaires \u00e9trang\u00e8res et de la Coop\u00e9ration internationale, M. Nasser Bourita, soulignant que cette r\u00e9solution rec\u00e8le une \u00e9volution qualitative, contient des \u00e9l\u00e9ments structurants pour le processus politique et pr\u00e9cise les param\u00e8tres de la solution d\u00e9finitive \u00e0 ce diff\u00e9rend r\u00e9gional.<\/strong><\/span><\/p>\n<p class=\"c4\">Ainsi, le Conseil de s\u00e9curit\u00e9 identifie nomm\u00e9ment les parties au diff\u00e9rend r\u00e9gional sur le Sahara marocain, a indiqu\u00e9 M. Bourita dans une d\u00e9claration \u00e0 la presse, pr\u00e9cisant que, pour la premi\u00e8re fois depuis 1975, le Conseil de s\u00e9curit\u00e9 mentionne 5 fois l\u2019Alg\u00e9rie dans cette r\u00e9solution. \u00abLe Conseil de s\u00e9curit\u00e9 reconnait, de ce fait, qu\u2019une implication forte, continue et constructive de l\u2019Alg\u00e9rie est n\u00e9cessaire pour mettre un terme \u00e0 ce diff\u00e9rend r\u00e9gional qui n\u2019a que trop dur\u00e9\u00bb, a-t-il soulign\u00e9. Le Conseil de s\u00e9curit\u00e9, a ajout\u00e9 le ministre, confirme clairement les contours de la solution, notant que celle-ci doit \u00eatre, selon le paragraphe 2 du dispositif de la r\u00e9solution 2468, \u00abpolitique, r\u00e9aliste, pragmatique et durable, bas\u00e9e sur le compromis\u00bb.<\/p>\n<p class=\"c4\">Il est important de relever que les param\u00e8tres \u00e9voqu\u00e9s par le Conseil de s\u00e9curit\u00e9 rejoignent largement la position marocaine. Ainsi, le terme de \u00abcompromis\u00bb est mentionn\u00e9 au moins 5 fois dans la r\u00e9solution. La notion de \u00abr\u00e9alisme\u00bb est reprise, quant \u00e0 elle, pas moins de 4 fois. Par contre, des r\u00e9f\u00e9rences ch\u00e8res aux autres parties sont ignor\u00e9es (\u00abautod\u00e9termination\u00bb cit\u00e9e 1 fois), voire m\u00eame bannies (absence totale de toute r\u00e9f\u00e9rence au \u00abr\u00e9f\u00e9rendum\u00bb), a tenu \u00e0 pr\u00e9ciser M. Bourita, qui a affirm\u00e9 que le Conseil de s\u00e9curit\u00e9 oppose, de la sorte et de la mani\u00e8re la plus cinglante, une fin de non-recevoir \u00e0 l\u2019attachement des autres parties au \u00abr\u00e9f\u00e9rendum\u00bb et \u00e0 \u00abl\u2019ind\u00e9pendance\u00bb, qui ne sont ni r\u00e9alistes, ni pragmatiques, ni mutuellement acceptables, ni encore moins bas\u00e9s sur le compromis.<\/p>\n<p class=\"c4\">De m\u00eame, a-t-il poursuivi, la r\u00e9solution consolide les acquis du Maroc dans les r\u00e9solutions pr\u00e9c\u00e9dentes, notamment la pr\u00e9\u00e9minence de l\u2019initiative d\u2019autonomie et l\u2019imp\u00e9ratif du recensement de la population des camps de Tindouf en Alg\u00e9rie, relevant que la r\u00e9solution r\u00e9it\u00e8re l\u2019injonction faite au \u00abPolisario\u00bb de respecter le cessez-le-feu, puisque le paragraphe 6 rappelle \u00ables engagements pris par le Polisario envers l\u2019Envoy\u00e9 personnel\u00bb de se retirer de Guergarate et de s\u2019abstenir de tout action d\u00e9stabilisatrice \u00e0 Bir-Lahlou et Tifariti.<\/p>\n<p class=\"c4\">Le ministre des Affaires \u00e9trang\u00e8res et de la Coop\u00e9ration internationale a fait savoir que le Royaume du Maroc esp\u00e8re que cette r\u00e9solution donnera une forte impulsion au processus politique et que, sur la base des param\u00e8tres qui y sont d\u00e9finis, chaque partie assumera pleinement ses responsabilit\u00e9s pour avancer vers la \u00abpolitique r\u00e9aliste, pragmatique et durable, bas\u00e9e sur le compromis\u00bb souhait\u00e9e par la Communaut\u00e9 internationale.<\/p>\n<p class=\"c4\">Le Royaume du Maroc, a-t-il ajout\u00e9, r\u00e9it\u00e8re sa disposition \u00e0 parvenir \u00e0 une solution de compromis dans le cadre de son initiative d\u2019autonomie. Il forme le souhait que le processus en cours puisse g\u00e9n\u00e9rer une dynamique r\u00e9elle, se d\u00e9partir des rh\u00e9toriques et \u00e9viter que les r\u00e9unions deviennent une fin en soi.<\/p>\n<p>Auteur: rahal mehamed<br \/>\n<a href=\"http:\/\/albayane.press.ma\/bourita-la-resolution-2468-revet-une-importance-particuliere.html\">Cliquez ici pour lire l&rsquo;article depuis sa source.<\/a><\/p>\n","protected":false},"excerpt":{"rendered":"<p>La r\u00e9solution 2468 sur le Sahara, adopt\u00e9e mardi par le Conseil de s\u00e9curit\u00e9 des Nations unies, rev\u00eat une importance particuli\u00e8re, a affirm\u00e9 le ministre des Affaires \u00e9trang\u00e8res et de la Coop\u00e9ration internationale, M. Nasser Bourita, soulignant que cette r\u00e9solution rec\u00e8le une \u00e9volution qualitative, contient des \u00e9l\u00e9ments structurants pour le processus politique et pr\u00e9cise les param\u00e8tres [&hellip;]<\/p>\n","protected":false},"author":1760,"featured_media":0,"comment_status":"closed","ping_status":"closed","sticky":false,"template":"","format":"standard","meta":{"fifu_image_url":"","fifu_image_alt":"","footnotes":""},"categories":[73,54],"tags":[],"class_list":["post-32046","post","type-post","status-publish","format-standard","hentry","category-actualite","category-maroc"],"_links":{"self":[{"href":"https:\/\/linitiative.ca\/International\/wp-json\/wp\/v2\/posts\/32046","targetHints":{"allow":["GET"]}}],"collection":[{"href":"https:\/\/linitiative.ca\/International\/wp-json\/wp\/v2\/posts"}],"about":[{"href":"https:\/\/linitiative.ca\/International\/wp-json\/wp\/v2\/types\/post"}],"author":[{"embeddable":true,"href":"https:\/\/linitiative.ca\/International\/wp-json\/wp\/v2\/users\/1760"}],"replies":[{"embeddable":true,"href":"https:\/\/linitiative.ca\/International\/wp-json\/wp\/v2\/comments?post=32046"}],"version-history":[{"count":0,"href":"https:\/\/linitiative.ca\/International\/wp-json\/wp\/v2\/posts\/32046\/revisions"}],"wp:attachment":[{"href":"https:\/\/linitiative.ca\/International\/wp-json\/wp\/v2\/media?parent=32046"}],"wp:term":[{"taxonomy":"category","embeddable":true,"href":"https:\/\/linitiative.ca\/International\/wp-json\/wp\/v2\/categories?post=32046"},{"taxonomy":"post_tag","embeddable":true,"href":"https:\/\/linitiative.ca\/International\/wp-json\/wp\/v2\/tags?post=32046"}],"curies":[{"name":"wp","href":"https:\/\/api.w.org\/{rel}","templated":true}]}}