{"id":32052,"date":"2019-05-04T05:15:00","date_gmt":"2019-05-04T09:15:00","guid":{"rendered":"https:\/\/linitiative.ca\/International\/les-journalistes-denoncent-les-tentatives-dembrigadement-des-medias\/"},"modified":"2019-05-04T05:15:00","modified_gmt":"2019-05-04T09:15:00","slug":"les-journalistes-denoncent-les-tentatives-dembrigadement-des-medias","status":"publish","type":"post","link":"https:\/\/linitiative.ca\/International\/les-journalistes-denoncent-les-tentatives-dembrigadement-des-medias\/","title":{"rendered":"Les journalistes d\u00e9noncent les tentatives d\u2019embrigadement des m\u00e9dias"},"content":{"rendered":"<div id=\"originalText\" readability=\"63\">\n<p class=\"c10\">La Journ\u00e9e internationale de la presse co\u00efncidant avec le 3 mai de chaque ann\u00e9e a \u00e9t\u00e9 c\u00e9l\u00e9br\u00e9e, hier, \u00e0 Tizi Ouzou, dans la fiert\u00e9 et la dignit\u00e9, et ce, \u00e0 l\u2019appel de l\u2019Association des journalistes et correspondants de la wilaya de Tizi Ouzou (AJCTO).\u00a0<br \/>La c\u00e9r\u00e9monie de recueillement a d\u00e9but\u00e9 vers 11h par le d\u00e9p\u00f4t d\u2019une gerbe de fleurs au M\u00e9morial de la libert\u00e9 de la presse, situ\u00e9 \u00e0 la cit\u00e9 Cnep, suivi d\u2019une minute de silence et de plusieurs prises de parole par des membres de la corporation journalistique et quelques amis de la presse, puis d\u2019une marche symbolique vers la st\u00e8le Tahar-Djaout, situ\u00e9e au centre-ville de Tizi Ouzou, o\u00f9 une autre minute de silence contre l\u2019oubli et \u00e0 la m\u00e9moire de tous les journalistes assassin\u00e9s a \u00e9t\u00e9 \u00e9galement observ\u00e9e.\u00a0<br \/>Par la m\u00eame occasion, l\u2019association des journalistes a rendu publique une d\u00e9claration dans laquelle elle a tenu \u00e0 rappeler que \u201cla c\u00e9l\u00e9bration\u00a0 du 3 mai intervient dans un contexte politique particulier, marqu\u00e9 par la r\u00e9volte pacifique du peuple alg\u00e9rien, d\u00e9termin\u00e9 \u00e0 r\u00e9cup\u00e9rer sa souverainet\u00e9 longtemps confisqu\u00e9e par les pouvoirs successifs depuis 1962\u201d.\u00a0<br \/>\u201cFace \u00e0 ce sursaut historique et h\u00e9ro\u00efque pour exiger un changement radical du syst\u00e8me, \u00e9crit encore l\u2019AJCTO, des p\u00e9rils et des dangers p\u00e8sent sur le processus r\u00e9volutionnaire en cours, mis en action pour faire \u00e9chouer la volont\u00e9 du peuple alg\u00e9rien \u00e0 s\u2019\u00e9manciper de toutes les entraves\u201d.\u00a0<br \/>Pour l\u2019AJCTO, \u201cl\u2019Alg\u00e9rie nouvelle \u00e0 laquelle nous aspirons tous ne peut, ind\u00e9niablement, se dissocier des principes de la libert\u00e9 d\u2019expression et de la libert\u00e9 de la presse. Des principes jusque-l\u00e0 sans cesse bafou\u00e9s par un r\u00e9gime autoritariste et dictatorial\u201d. Et l\u2019association des journalistes de\u00a0Tizi Ouzou d\u2019\u00e9voquer aussi \u201cla persistance de pratiques \u00e9cul\u00e9es visant l\u2019embrigadement des m\u00e9dias dont l\u2019objectif \u00e9tant d\u2019orienter l\u2019opinion afin d\u2019imposer le fait accompli de d\u00e9cisions que le peuple ne cesse de d\u00e9noncer et de rejeter\u201d.\u00a0<br \/>Tout en saluant \u201cle courage et la r\u00e9sistance de nos confr\u00e8res et cons\u0153urs du secteur public qui bravent l\u2019interdit et qui luttent contre la censure dans l\u2019optique de garantir un v\u00e9ritable service public\u201d, l\u2019AJCTO d\u00e9nonce avec fermet\u00e9 \u201cle m\u00e9pris des autorit\u00e9s \u00e0 l\u2019\u00e9gard des femmes et des hommes de la presse, le b\u00e2illonnement de la libert\u00e9 d\u2019expression et les tentatives d\u2019embrigadement des m\u00e9dias, l\u2019asphyxie \u00e9conomique programm\u00e9e dont la finalit\u00e9 n\u2019est autre que l\u2019\u00e9touffement des voix libres et, par ricochet, d\u00e9nier au peuple alg\u00e9rien son droit \u00e0 l\u2019information,\u00a0 les chantages par les salaires, ainsi que les intimidations que subissent quotidiennement des cons\u0153urs et confr\u00e8res et la campagne haineuse visant \u00e0 stigmatiser les journalistes et \u00e0 les diaboliser vis-\u00e0-vis de l\u2019opinion publique\u201d.\u00a0<br \/>En dernier, l\u2019AJCTO appellera \u00e0 \u201cl\u2019am\u00e9lioration des conditions socioprofessionnelles des journalistes, la profession \u00e0 prendre la mesure des dangers et les citoyens \u00e0 se mobiliser pour leur droit d\u2019\u00eatre inform\u00e9s en toute libert\u00e9\u201d.\u00a0<br \/>\u00a0<\/p>\n<p class=\"c11\"><strong>K. Tighilt<\/strong><\/p>\n<\/div>\n<div id=\"text_core\" readability=\"63\">\n<p class=\"c10\">La Journ\u00e9e internationale de la presse co\u00efncidant avec le 3 mai de chaque ann\u00e9e a \u00e9t\u00e9 c\u00e9l\u00e9br\u00e9e, hier, \u00e0 Tizi Ouzou, dans la fiert\u00e9 et la dignit\u00e9, et ce, \u00e0 l\u2019appel de l\u2019Association des journalistes et correspondants de la wilaya de Tizi Ouzou (AJCTO).\u00a0<br \/>La c\u00e9r\u00e9monie de recueillement a d\u00e9but\u00e9 vers 11h par le d\u00e9p\u00f4t d\u2019une gerbe de fleurs au M\u00e9morial de la libert\u00e9 de la presse, situ\u00e9 \u00e0 la cit\u00e9 Cnep, suivi d\u2019une minute de silence et de plusieurs prises de parole par des membres de la corporation journalistique et quelques amis de la presse, puis d\u2019une marche symbolique vers la st\u00e8le Tahar-Djaout, situ\u00e9e au centre-ville de Tizi Ouzou, o\u00f9 une autre minute de silence contre l\u2019oubli et \u00e0 la m\u00e9moire de tous les journalistes assassin\u00e9s a \u00e9t\u00e9 \u00e9galement observ\u00e9e.\u00a0<br \/>Par la m\u00eame occasion, l\u2019association des journalistes a rendu publique une d\u00e9claration dans laquelle elle a tenu \u00e0 rappeler que \u201cla c\u00e9l\u00e9bration\u00a0 du 3 mai intervient dans un contexte politique particulier, marqu\u00e9 par la r\u00e9volte pacifique du peuple alg\u00e9rien, d\u00e9termin\u00e9 \u00e0 r\u00e9cup\u00e9rer sa souverainet\u00e9 longtemps confisqu\u00e9e par les pouvoirs successifs depuis 1962\u201d.\u00a0<br \/>\u201cFace \u00e0 ce sursaut historique et h\u00e9ro\u00efque pour exiger un changement radical du syst\u00e8me, \u00e9crit encore l\u2019AJCTO, des p\u00e9rils et des dangers p\u00e8sent sur le processus r\u00e9volutionnaire en cours, mis en action pour faire \u00e9chouer la volont\u00e9 du peuple alg\u00e9rien \u00e0 s\u2019\u00e9manciper de toutes les entraves\u201d.\u00a0<br \/>Pour l\u2019AJCTO, \u201cl\u2019Alg\u00e9rie nouvelle \u00e0 laquelle nous aspirons tous ne peut, ind\u00e9niablement, se dissocier des principes de la libert\u00e9 d\u2019expression et de la libert\u00e9 de la presse. Des principes jusque-l\u00e0 sans cesse bafou\u00e9s par un r\u00e9gime autoritariste et dictatorial\u201d. Et l\u2019association des journalistes de\u00a0Tizi Ouzou d\u2019\u00e9voquer aussi \u201cla persistance de pratiques \u00e9cul\u00e9es visant l\u2019embrigadement des m\u00e9dias dont l\u2019objectif \u00e9tant d\u2019orienter l\u2019opinion afin d\u2019imposer le fait accompli de d\u00e9cisions que le peuple ne cesse de d\u00e9noncer et de rejeter\u201d.\u00a0<br \/>Tout en saluant \u201cle courage et la r\u00e9sistance de nos confr\u00e8res et cons\u0153urs du secteur public qui bravent l\u2019interdit et qui luttent contre la censure dans l\u2019optique de garantir un v\u00e9ritable service public\u201d, l\u2019AJCTO d\u00e9nonce avec fermet\u00e9 \u201cle m\u00e9pris des autorit\u00e9s \u00e0 l\u2019\u00e9gard des femmes et des hommes de la presse, le b\u00e2illonnement de la libert\u00e9 d\u2019expression et les tentatives d\u2019embrigadement des m\u00e9dias, l\u2019asphyxie \u00e9conomique programm\u00e9e dont la finalit\u00e9 n\u2019est autre que l\u2019\u00e9touffement des voix libres et, par ricochet, d\u00e9nier au peuple alg\u00e9rien son droit \u00e0 l\u2019information,\u00a0 les chantages par les salaires, ainsi que les intimidations que subissent quotidiennement des cons\u0153urs et confr\u00e8res et la campagne haineuse visant \u00e0 stigmatiser les journalistes et \u00e0 les diaboliser vis-\u00e0-vis de l\u2019opinion publique\u201d.\u00a0<br \/>En dernier, l\u2019AJCTO appellera \u00e0 \u201cl\u2019am\u00e9lioration des conditions socioprofessionnelles des journalistes, la profession \u00e0 prendre la mesure des dangers et les citoyens \u00e0 se mobiliser pour leur droit d\u2019\u00eatre inform\u00e9s en toute libert\u00e9\u201d.\u00a0<br \/>\u00a0<\/p>\n<p class=\"c11\"><strong>K. Tighilt<\/strong><\/p>\n<\/div>\n<p>Auteur:<br \/>\n<a href=\"https:\/\/www.liberte-algerie.com\/actualite\/les-journalistes-denoncent-les-tentatives-dembrigadement-des-medias-315136\">Cliquez ici pour lire l&rsquo;article depuis sa source.<\/a><\/p>\n","protected":false},"excerpt":{"rendered":"<p>La Journ\u00e9e internationale de la presse co\u00efncidant avec le 3 mai de chaque ann\u00e9e a \u00e9t\u00e9 c\u00e9l\u00e9br\u00e9e, hier, \u00e0 Tizi Ouzou, dans la fiert\u00e9 et la dignit\u00e9, et ce, \u00e0 l\u2019appel de l\u2019Association des journalistes et correspondants de la wilaya de Tizi Ouzou (AJCTO).\u00a0La c\u00e9r\u00e9monie de recueillement a d\u00e9but\u00e9 vers 11h par le d\u00e9p\u00f4t d\u2019une [&hellip;]<\/p>\n","protected":false},"author":1742,"featured_media":0,"comment_status":"closed","ping_status":"closed","sticky":false,"template":"","format":"standard","meta":{"fifu_image_url":"","fifu_image_alt":"","footnotes":""},"categories":[73,53],"tags":[],"class_list":["post-32052","post","type-post","status-publish","format-standard","hentry","category-actualite","category-algerie"],"_links":{"self":[{"href":"https:\/\/linitiative.ca\/International\/wp-json\/wp\/v2\/posts\/32052","targetHints":{"allow":["GET"]}}],"collection":[{"href":"https:\/\/linitiative.ca\/International\/wp-json\/wp\/v2\/posts"}],"about":[{"href":"https:\/\/linitiative.ca\/International\/wp-json\/wp\/v2\/types\/post"}],"author":[{"embeddable":true,"href":"https:\/\/linitiative.ca\/International\/wp-json\/wp\/v2\/users\/1742"}],"replies":[{"embeddable":true,"href":"https:\/\/linitiative.ca\/International\/wp-json\/wp\/v2\/comments?post=32052"}],"version-history":[{"count":0,"href":"https:\/\/linitiative.ca\/International\/wp-json\/wp\/v2\/posts\/32052\/revisions"}],"wp:attachment":[{"href":"https:\/\/linitiative.ca\/International\/wp-json\/wp\/v2\/media?parent=32052"}],"wp:term":[{"taxonomy":"category","embeddable":true,"href":"https:\/\/linitiative.ca\/International\/wp-json\/wp\/v2\/categories?post=32052"},{"taxonomy":"post_tag","embeddable":true,"href":"https:\/\/linitiative.ca\/International\/wp-json\/wp\/v2\/tags?post=32052"}],"curies":[{"name":"wp","href":"https:\/\/api.w.org\/{rel}","templated":true}]}}