{"id":32060,"date":"2019-05-03T20:01:00","date_gmt":"2019-05-04T00:01:00","guid":{"rendered":"https:\/\/linitiative.ca\/International\/ceremonie-en-lhonneur-du-wydad-serghini-apres-son-accession-a-la-premiere-division-du-championnat-national-amateur-de-football\/"},"modified":"2019-05-03T20:01:00","modified_gmt":"2019-05-04T00:01:00","slug":"ceremonie-en-lhonneur-du-wydad-serghini-apres-son-accession-a-la-premiere-division-du-championnat-national-amateur-de-football","status":"publish","type":"post","link":"https:\/\/linitiative.ca\/International\/ceremonie-en-lhonneur-du-wydad-serghini-apres-son-accession-a-la-premiere-division-du-championnat-national-amateur-de-football\/","title":{"rendered":"C\u00e9r\u00e9monie en l\u2019honneur du Wydad Serghini apr\u00e8s son accession \u00e0 la premi\u00e8re division du Championnat national amateur de football"},"content":{"rendered":"<div readability=\"36\">\n<p>El Kela\u00e2 des Sraghna \u2013 Une c\u00e9r\u00e9monie a \u00e9t\u00e9 organis\u00e9e, jeudi au si\u00e8ge de la municipalit\u00e9 d\u2019El Kela\u00e2 des Sraghna, en l\u2019honneur des joueurs et composantes de l\u2019\u00e9quipe du Wydad Serghini apr\u00e8s son accession \u00e0 la premi\u00e8re division du Championnat national amateur de football.<\/p>\n<\/div>\n<div readability=\"75\">\n<p>Cette c\u00e9r\u00e9monie s\u2019est d\u00e9roul\u00e9e en pr\u00e9sence notamment du gouverneur de la province d\u2019El Kela\u00e2 des Sraghna, Hicham Smahi, des \u00e9lus locaux et des dirigeants de l\u2019\u00e9quipe.<\/p>\n<p>Le Wydad Serghini a r\u00e9alis\u00e9 cet exploit apr\u00e8s une saison seulement en deuxi\u00e8me division du Championnat national amateur, \u00e0 laquelle il avait acc\u00e9d\u00e9 durant la saison footballistique\u00a02017-2018.<\/p>\n<p>Dans une d\u00e9claration \u00e0 la MAP, le pr\u00e9sident du club, Miloudi Issami, a soulign\u00e9 que le bureau dirigeant de l\u2019\u00e9quipe a mis en place une strat\u00e9gie efficace ayant permis d\u2019assurer la remont\u00e9e en deuxi\u00e8me division puis \u00e0 l\u2019\u00e9tage sup\u00e9rieur du championnat national amateur.<\/p>\n<p>Il a indiqu\u00e9 que le bureau dirigeant accorde un grand int\u00e9r\u00eat \u00e0 la formation de toutes les cat\u00e9gories, en pr\u00f4nant une action participative fond\u00e9e sur \u00ab\u00a0le s\u00e9rieux\u00a0\u00bb afin de hisser le niveau de l\u2019\u00e9quipe et acc\u00e9der \u00e0 la premi\u00e8re division du championnat national amateur.<\/p>\n<p>Dans ce cadre, il a fait savoir que la strat\u00e9gie de formation de l\u2019\u00e9cole du club, qui comprend 270 pratiquants, a donn\u00e9 ses fruits comme en t\u00e9moignent les r\u00e9sultats positifs d\u00e9croch\u00e9s par diff\u00e9rentes cat\u00e9gories de l\u2019\u00e9quipe (minimes, cadets et juniors) qui ont occup\u00e9, toutes, la premi\u00e8re place au niveau de la r\u00e9gion.<\/p>\n<p>Concernant les perspectives d\u2019avenir, M. Issami a relev\u00e9 que le bureau dirigeant a entam\u00e9 les dispositions n\u00e9cessaires avec le staff technique pour d\u00e9terminer les besoins pour la prochaine saison, renforcer l\u2019effectif de l\u2019\u00e9quipe en d\u00e9pit des moyens financiers limit\u00e9s, et r\u00e9unir les conditions favorables afin \u00ab\u00a0d\u2019\u00eatre \u00e0 la hauteur des attentes des supporters du club serghini\u00a0\u00bb.<\/p>\n<p>A rappeler que le Wydad Serghini a occup\u00e9 la premi\u00e8re place du Championnat national amateur (deuxi\u00e8me division), avec 63 points (18 victoires, 09 nuls et 3 d\u00e9faites).<\/p>\n<\/div>\n<p>Auteur: Mohammed KOURSI<br \/>\n<a href=\"http:\/\/www.mapmarrakech.ma\/fr\/ceremonie-en-lhonneur-du-wydad-serghini-apres-son-accession-a-la-premiere-division-du-championnat-national-amateur-de-football\/\">Cliquez ici pour lire l&rsquo;article depuis sa source.<\/a><\/p>\n","protected":false},"excerpt":{"rendered":"<p>El Kela\u00e2 des Sraghna \u2013 Une c\u00e9r\u00e9monie a \u00e9t\u00e9 organis\u00e9e, jeudi au si\u00e8ge de la municipalit\u00e9 d\u2019El Kela\u00e2 des Sraghna, en l\u2019honneur des joueurs et composantes de l\u2019\u00e9quipe du Wydad Serghini apr\u00e8s son accession \u00e0 la premi\u00e8re division du Championnat national amateur de football. Cette c\u00e9r\u00e9monie s\u2019est d\u00e9roul\u00e9e en pr\u00e9sence notamment du gouverneur de la [&hellip;]<\/p>\n","protected":false},"author":1788,"featured_media":0,"comment_status":"closed","ping_status":"closed","sticky":false,"template":"","format":"standard","meta":{"fifu_image_url":"","fifu_image_alt":"","footnotes":""},"categories":[54,76],"tags":[],"class_list":["post-32060","post","type-post","status-publish","format-standard","hentry","category-maroc","category-regions"],"_links":{"self":[{"href":"https:\/\/linitiative.ca\/International\/wp-json\/wp\/v2\/posts\/32060","targetHints":{"allow":["GET"]}}],"collection":[{"href":"https:\/\/linitiative.ca\/International\/wp-json\/wp\/v2\/posts"}],"about":[{"href":"https:\/\/linitiative.ca\/International\/wp-json\/wp\/v2\/types\/post"}],"author":[{"embeddable":true,"href":"https:\/\/linitiative.ca\/International\/wp-json\/wp\/v2\/users\/1788"}],"replies":[{"embeddable":true,"href":"https:\/\/linitiative.ca\/International\/wp-json\/wp\/v2\/comments?post=32060"}],"version-history":[{"count":0,"href":"https:\/\/linitiative.ca\/International\/wp-json\/wp\/v2\/posts\/32060\/revisions"}],"wp:attachment":[{"href":"https:\/\/linitiative.ca\/International\/wp-json\/wp\/v2\/media?parent=32060"}],"wp:term":[{"taxonomy":"category","embeddable":true,"href":"https:\/\/linitiative.ca\/International\/wp-json\/wp\/v2\/categories?post=32060"},{"taxonomy":"post_tag","embeddable":true,"href":"https:\/\/linitiative.ca\/International\/wp-json\/wp\/v2\/tags?post=32060"}],"curies":[{"name":"wp","href":"https:\/\/api.w.org\/{rel}","templated":true}]}}