{"id":32061,"date":"2019-05-04T07:35:16","date_gmt":"2019-05-04T11:35:16","guid":{"rendered":"https:\/\/linitiative.ca\/International\/20eme-forum-pharmaceutique-international-les-5-et-6-juillet-a-marrakech\/"},"modified":"2019-05-04T07:35:16","modified_gmt":"2019-05-04T11:35:16","slug":"20eme-forum-pharmaceutique-international-les-5-et-6-juillet-a-marrakech","status":"publish","type":"post","link":"https:\/\/linitiative.ca\/International\/20eme-forum-pharmaceutique-international-les-5-et-6-juillet-a-marrakech\/","title":{"rendered":"20\u00e8me Forum pharmaceutique international les 5 et 6 juillet \u00e0 Marrakech"},"content":{"rendered":"<p><iframe loading=\"lazy\" width=\"1170\" height=\"658\" src=\"https:\/\/www.youtube.com\/embed\/9dTdTQhM1gg?feature=oembed\" frameborder=\"0\" allow=\"accelerometer; autoplay; encrypted-media; gyroscope; picture-in-picture\" allowfullscreen=\"\">[embedded content]<\/iframe><\/p>\n<div class=\"single-post-excerpt post-excerpt-bc\" readability=\"37\">\n<p>La 20\u00e8me \u00e9dition du Forum pharmaceutique international (FPI), une vitrine de port\u00e9e mondiale pour les industriels pharmaceutiques des quatre coins de la plan\u00e8te, se tiendra les 5 et 6 juillet \u00e0 Marrakech sous le th\u00e8me \u00ab\u00a0la s\u00e9curit\u00e9 et la qualit\u00e9 de l\u2019acte pharmaceutique et de la biologie m\u00e9dicale\u00a0\u00bb.<\/p>\n<\/div>\n<p>Auteur: Mohammed KOURSI<br \/>\n<a href=\"http:\/\/www.mapmarrakech.ma\/fr\/20eme-forum-pharmaceutique-international-les-5-et-6-juillet-a-marrakech\/\">Cliquez ici pour lire l&rsquo;article depuis sa source.<\/a><\/p>\n","protected":false},"excerpt":{"rendered":"<p>[embedded content] La 20\u00e8me \u00e9dition du Forum pharmaceutique international (FPI), une vitrine de port\u00e9e mondiale pour les industriels pharmaceutiques des quatre coins de la plan\u00e8te, se tiendra les 5 et 6 juillet \u00e0 Marrakech sous le th\u00e8me \u00ab\u00a0la s\u00e9curit\u00e9 et la qualit\u00e9 de l\u2019acte pharmaceutique et de la biologie m\u00e9dicale\u00a0\u00bb. Auteur: Mohammed KOURSI Cliquez ici [&hellip;]<\/p>\n","protected":false},"author":1788,"featured_media":0,"comment_status":"closed","ping_status":"closed","sticky":false,"template":"","format":"standard","meta":{"fifu_image_url":"","fifu_image_alt":"","footnotes":""},"categories":[54,76],"tags":[],"class_list":["post-32061","post","type-post","status-publish","format-standard","hentry","category-maroc","category-regions"],"_links":{"self":[{"href":"https:\/\/linitiative.ca\/International\/wp-json\/wp\/v2\/posts\/32061","targetHints":{"allow":["GET"]}}],"collection":[{"href":"https:\/\/linitiative.ca\/International\/wp-json\/wp\/v2\/posts"}],"about":[{"href":"https:\/\/linitiative.ca\/International\/wp-json\/wp\/v2\/types\/post"}],"author":[{"embeddable":true,"href":"https:\/\/linitiative.ca\/International\/wp-json\/wp\/v2\/users\/1788"}],"replies":[{"embeddable":true,"href":"https:\/\/linitiative.ca\/International\/wp-json\/wp\/v2\/comments?post=32061"}],"version-history":[{"count":0,"href":"https:\/\/linitiative.ca\/International\/wp-json\/wp\/v2\/posts\/32061\/revisions"}],"wp:attachment":[{"href":"https:\/\/linitiative.ca\/International\/wp-json\/wp\/v2\/media?parent=32061"}],"wp:term":[{"taxonomy":"category","embeddable":true,"href":"https:\/\/linitiative.ca\/International\/wp-json\/wp\/v2\/categories?post=32061"},{"taxonomy":"post_tag","embeddable":true,"href":"https:\/\/linitiative.ca\/International\/wp-json\/wp\/v2\/tags?post=32061"}],"curies":[{"name":"wp","href":"https:\/\/api.w.org\/{rel}","templated":true}]}}