{"id":32062,"date":"2019-05-04T09:51:13","date_gmt":"2019-05-04T13:51:13","guid":{"rendered":"https:\/\/linitiative.ca\/International\/inauguration-a-marrakech-de-la-1ere-edition-du-hubinnov\/"},"modified":"2019-05-04T09:51:13","modified_gmt":"2019-05-04T13:51:13","slug":"inauguration-a-marrakech-de-la-1ere-edition-du-hubinnov","status":"publish","type":"post","link":"https:\/\/linitiative.ca\/International\/inauguration-a-marrakech-de-la-1ere-edition-du-hubinnov\/","title":{"rendered":"Inauguration \u00e0 Marrakech de la 1\u00e8re \u00e9dition du \u00ab\u00a0Hub\u2019Innov\u00a0\u00bb"},"content":{"rendered":"<div readability=\"39\">\n<p>Marrakech- L\u2019inauguration de la premi\u00e8re \u00e9dition du \u00ab\u00a0Hub\u2019Innov\u00a0\u00bb, une exposition in\u00e9dite d\u2019\u0153uvres d\u00e9coratives et innovantes, a eu lieu, vendredi soir \u00e0 Marrakech, en pr\u00e9sence de la Secr\u00e9taire d\u2019Etat charg\u00e9e de l\u2019Artisanat et de l\u2019Economie Sociale, Jamila El Moussali.<\/p>\n<\/div>\n<div readability=\"168\">\n<p>Organis\u00e9e \u00e0 l\u2019initiative du \u00ab\u00a0Marrakech Creative Interiors Cluster\u00a0\u00bb (MCIC), cette exposition, ouverte aux professionnels et designers, se veut une occasion pour la promotion de la plate-forme cr\u00e9ative \u00ab\u00a0Marrakech Creative Hub\u00a0\u00bb (MCH), nouveau-n\u00e9 du MCIC.<\/p>\n<p>Le MCH, conjointement d\u00e9velopp\u00e9 par le Secr\u00e9tariat d\u2019Etat charge\u0301 de l\u2019Artisanat et de l\u2019Economie Sociale et l\u2019Organisation des Nations Unies pour le D\u00e9veloppement Industriel (ONUDI), a pour mission de remettre la cr\u00e9ativit\u00e9\u0301 au c\u0153ur de la strat\u00e9gie des acteurs du secteur, en cr\u00e9ant une plateforme physique de mise en relation des multiples intervenants et en assurant une large panoplie de services cr\u00e9atifs.<\/p>\n<p>Ainsi, sous la direction de l\u2019ONUDI, le designer italien Giulio Vinaccia, \u00e9galement designer du Projet \u00ab\u00a0Creative Mediterranean\u00a0\u00bb, a anim\u00e9, en juillet 2018, plusieurs workshops en faveur des designers du MCIC, dans l\u2019objectif de d\u00e9velopper une gamme compl\u00e8te d\u2019int\u00e9rieurs, issue de la diversit\u00e9 des savoir-faire et produits des cinq segments qui font partie des disciplines du \u00ab\u00a0Marrakech Creative Hub\u00a0\u00bb: l\u2019ameublement, l\u2019art de table, le luminaire, le linge de maison et les objets de d\u00e9coration d\u2019int\u00e9rieurs.<\/p>\n<p>Le r\u00e9sultat de ces workshops a \u00e9t\u00e9 pr\u00e9sent\u00e9 lors du \u00ab\u00a0Hub\u2019Innov\u00a0\u00bb sous forme d\u2019une exposition baptis\u00e9e \u00ab\u00a0Marrakech MAP Collection\u00a0\u00bb.<\/p>\n<p>A cette occasion, Mme El Moussali a effectu\u00e9, en compagnie de M. Vinaccia, une visite \u00e0 cette exposition exceptionnelle, fruit d\u2019une aventure collective dont les ingr\u00e9dients sont la cr\u00e9ativit\u00e9 et l\u2019\u00e9change, avec \u00e0 la cl\u00e9 une gamme compl\u00e8te d\u2019int\u00e9rieurs inspir\u00e9e directement de la m\u00e9dina de Marrakech.<\/p>\n<p>La ministre a aussi visit\u00e9 les stands d\u00e9di\u00e9s \u00e0 plusieurs entreprises membres du MCIC, \u00e0 travers lesquels elles exposent leurs divers produits qui composent l\u2019univers de l\u2019habitat (meubles, objets de d\u00e9coration, art de la table, luminaires et linge de maison), et pu \u00e9galement appr\u00e9cier les cr\u00e9ations r\u00e9alis\u00e9es par de jeunes \u00e9tudiants et designers en herbe, issus de la r\u00e9gion de Marrakech-Safi qui, gr\u00e2ce \u00e0 leur immense talent, ont pr\u00e9sent\u00e9 dans le cadre d\u2019un concours organis\u00e9 \u00e0 l\u2019occasion du \u00ab\u00a0Hub\u2019Innov\u00a0\u00bb 2019, des objets design enti\u00e8rement inspir\u00e9s de l\u2019artisanat marocain.<\/p>\n<p>Intervenant lors d\u2019une c\u00e9r\u00e9monie organis\u00e9e \u00e0 cette occasion, Mme El Moussali a soulign\u00e9 l\u2019importance du secteur de l\u2019artisanat, qui constitue un pr\u00e9cieux h\u00e9ritage d\u2019exception transmis de g\u00e9n\u00e9ration en g\u00e9n\u00e9ration ainsi qu\u2019un patrimoine et un capital immat\u00e9riel inestimable, ajoutant que le produit artisanal national peut \u00eatre mieux valoris\u00e9 gr\u00e2ce \u00e0 l\u2019innovation et \u00e0 la cr\u00e9ativit\u00e9 des artisans, qui sont dot\u00e9s d\u2019un grand savoir-faire adoss\u00e9 \u00e0 une touche artistique alliant finesse du travail et dext\u00e9rit\u00e9.<\/p>\n<p>Apr\u00e8s avoir f\u00e9licit\u00e9 les initiateurs de cette premi\u00e8re \u00e9dition du \u00ab\u00a0Hub\u2019Innov\u00a0\u00bb pour les efforts consentis en vue de faire r\u00e9ussir cette jeune manifestation, elle a insist\u00e9 sur l\u2019imp\u00e9ratif de favoriser la cr\u00e9ativit\u00e9 et l\u2019innovation dans le domaine de l\u2019artisanat, un secteur porteur qui emploie 20% de la population active.<\/p>\n<p>Elle a aussi mis en relief le caract\u00e8re fondamental du partenariat avec les institutions nationales et internationales pour le renforcement de l\u2019innovation et de la cr\u00e9ativit\u00e9, tout en veillant \u00e0 la pr\u00e9servation de l\u2019authenticit\u00e9 et de l\u2019originalit\u00e9 des produits d\u2019artisanat nationaux, ajoutant que de tels \u00e9v\u00e9nements et ces plateformes cr\u00e9atives doivent \u00eatre encourag\u00e9s car ils offrent une opportunit\u00e9 idoine pour l\u2019\u00e9change des exp\u00e9riences et expertises et le d\u00e9veloppement de produits artisanaux modernes et innovants, bas\u00e9s sur un savoir-faire ancestral.<\/p>\n<p>Elle a, dans ce sens, r\u00e9affirm\u00e9 l\u2019ouverture du minist\u00e8re \u00e0 tous les partenariats avec les diff\u00e9rentes institutions pour la promotion de l\u2019artisanat marocain, ajoutant que l\u2019investissement dans ce secteur est \u00e0 forte valeur ajout\u00e9e.<\/p>\n<div readability=\"101\">\n<p>De son c\u00f4t\u00e9, Mme Gessica Ferrero, charg\u00e9e de programmes \u00e0 l\u2019Agence Italienne pour la Coop\u00e9ration au D\u00e9veloppement, a vivement lou\u00e9 l\u2019organisation de cet \u00e9v\u00e9nement, tout en affirmant que le d\u00e9veloppement des industries cr\u00e9atives et culturelles ainsi que du secteur de l\u2019artisanat auquel l\u2019Italie accorde une importance capitale est essentiel, voire fondamental.<\/p>\n<p>Elle a aussi saisi l\u2019occasion pour r\u00e9affirmer l\u2019engagement de l\u2019Agence Italienne \u00e0 renforcer sa collaboration avec les initiateurs de ce projet pour contribuer \u00e0 la r\u00e9ussite et au rayonnement des prochaines \u00e9ditions.<\/p>\n<p>Pour sa part, la pr\u00e9sidente du \u00ab\u00a0Marrakech Creative Interiors Cluster\u00a0\u00bb, Mme Wafa Kiran, a dit toute sa joie et sa fiert\u00e9 de l\u2019organisation de la premi\u00e8re \u00e9dition du \u00ab\u00a0Hub\u2019Innov\u00a0\u00bb dans la cit\u00e9 ocre, tout en r\u00e9it\u00e9rant l\u2019engagement du MCIC \u00e0 pers\u00e9v\u00e9rer sur la m\u00eame voie afin de garantir dans les \u00e9ditions \u00e0 venir le succ\u00e8s souhait\u00e9 \u00e0 cet \u00e9v\u00e9nement qui, a-t-elle dit, vise notamment \u00e0 assister les jeunes et \u00e0 les inciter \u00e0 d\u00e9velopper et \u00e0 enrichir leur esprit de cr\u00e9ativit\u00e9 et d\u2019innovation dans le secteur tr\u00e8s porteur de l\u2019artisanat marocain, dont les diff\u00e9rentes gammes de produits sont d\u2019une renomm\u00e9e mondiale indiscutable.<\/p>\n<p>Par ailleurs, une c\u00e9r\u00e9monie de remise des prix aux gagnants (une fille et deux gar\u00e7ons) d\u2019un concours initi\u00e9 par le MCIC au profit des jeunes designers en provenance de la r\u00e9gion Marrakech-Safi a eu lieu \u00e0 cette occasion.<\/p>\n<p>Les candidats, qui \u00e9taient en lice, ont \u00e9t\u00e9 encadr\u00e9s par un jury compos\u00e9 de grands professionnels du secteur de l\u2019artisanat, sous la pr\u00e9sidence de l\u2019architecte et designer Soumaya Jalal Mikou.<\/p>\n<p>En plus d\u2019une r\u00e9compense financi\u00e8re, les gagnants de ce concours, qui ont b\u00e9n\u00e9fici\u00e9 de l\u2019exposition de leurs cr\u00e9ations au sein du \u00ab\u00a0Hub\u2019Innov\u00a0\u00bb, vont profiter d\u2019un coaching qui sera assur\u00e9 par plusieurs designers de renom locaux et internationaux, lors d\u2019un workshop pr\u00e9vu ce samedi.<\/p>\n<p>Ce workshop, d\u00e9di\u00e9 aux \u00e9tudiants du programme \u00ab\u00a0Creative Mediterranean\u00a0\u00bb, sera ainsi l\u2019occasion pour ces jeunes laur\u00e9ats d\u2019apprendre aux c\u00f4t\u00e9s de r\u00e9f\u00e9rences du monde du design et de b\u00e9n\u00e9ficier d\u2019un coaching particulier dans l\u2019am\u00e9lioration de leurs capacit\u00e9s cr\u00e9atives.<\/p>\n<p>Offrant une approche novatrice pour revitaliser les Industries Cr\u00e9atives de Marrakech tout en assurant des revenus aux artisans, l\u2019ONUDI met en \u0153uvre le projet \u00ab\u00a0Creative Mediterranean\u00a0\u00bb au Maroc, qui vise \u00e0 augmenter la comp\u00e9titivit\u00e9 des artisans le long de cha\u00eenes de valeur, en adoptant une approche tir\u00e9e par le march\u00e9 et en renfor\u00e7ant de mani\u00e8re durable les capacit\u00e9s de cr\u00e9ation et de commercialisation des jeunes et des entreprises artisanales de la cit\u00e9 ocre.<\/p>\n<p>A noter que le \u00ab\u00a0Marrakech Creative Interiors Cluster\u00a0\u00bb ambitionne de d\u00e9tecter les jeunes talents dans la r\u00e9gion Marrakech-Safi, dans le but de les encadrer et de les orienter vers la discipline du design, tout en conservant la signature de l\u2019artisanat marocain.<\/p>\n<p>Cr\u00e9\u00e9 en 2016, il se veut une plateforme transversale englobant les professionnels locaux de la d\u00e9coration et ameublement, ainsi que les op\u00e9rateurs \u00e9conomiques intervenant dans le domaine, autour d\u2019un projet commun : la promotion de la comp\u00e9titivit\u00e9 de ses entreprises et l\u2019am\u00e9lioration de leurs \u00e9changes commerciaux aux niveaux r\u00e9gional, national et international.<\/p>\n<p>Il regroupe des entreprises \u00e9voluant dans les cinq segments de produits qui composent l\u2019univers de l\u2019habitat et art de vivre: meubles, objets de d\u00e9coration, art de la table, luminaires et linge de maison.<\/p>\n<p>Le \u00ab\u00a0MCIC\u00a0\u00bb compte parmi ses membres des entreprises leaders et dynamiques, consid\u00e9r\u00e9es comme les moteurs de la fili\u00e8re en termes de technologie, de d\u00e9veloppement produit, d\u2019innovation et de savoir-faire.<\/p>\n<p>La strat\u00e9gie du Cluster est orient\u00e9e vers la diff\u00e9renciation des produits et de l\u2019offre, en mettant l\u2019accent sur le design et le service, ainsi que sur le d\u00e9veloppement de marques et de produits finis \u00e0 forte valeur ajout\u00e9e.<\/p>\n<\/div>\n<\/div>\n<p>Auteur: Mohammed KOURSI<br \/>\n<a href=\"http:\/\/www.mapmarrakech.ma\/fr\/inauguration-a-marrakech-de-la-1ere-edition-du-hubinnov\/\">Cliquez ici pour lire l&rsquo;article depuis sa source.<\/a><\/p>\n","protected":false},"excerpt":{"rendered":"<p>Marrakech- L\u2019inauguration de la premi\u00e8re \u00e9dition du \u00ab\u00a0Hub\u2019Innov\u00a0\u00bb, une exposition in\u00e9dite d\u2019\u0153uvres d\u00e9coratives et innovantes, a eu lieu, vendredi soir \u00e0 Marrakech, en pr\u00e9sence de la Secr\u00e9taire d\u2019Etat charg\u00e9e de l\u2019Artisanat et de l\u2019Economie Sociale, Jamila El Moussali. Organis\u00e9e \u00e0 l\u2019initiative du \u00ab\u00a0Marrakech Creative Interiors Cluster\u00a0\u00bb (MCIC), cette exposition, ouverte aux professionnels et designers, se [&hellip;]<\/p>\n","protected":false},"author":1788,"featured_media":0,"comment_status":"closed","ping_status":"closed","sticky":false,"template":"","format":"standard","meta":{"fifu_image_url":"","fifu_image_alt":"","footnotes":""},"categories":[54,76],"tags":[],"class_list":["post-32062","post","type-post","status-publish","format-standard","hentry","category-maroc","category-regions"],"_links":{"self":[{"href":"https:\/\/linitiative.ca\/International\/wp-json\/wp\/v2\/posts\/32062","targetHints":{"allow":["GET"]}}],"collection":[{"href":"https:\/\/linitiative.ca\/International\/wp-json\/wp\/v2\/posts"}],"about":[{"href":"https:\/\/linitiative.ca\/International\/wp-json\/wp\/v2\/types\/post"}],"author":[{"embeddable":true,"href":"https:\/\/linitiative.ca\/International\/wp-json\/wp\/v2\/users\/1788"}],"replies":[{"embeddable":true,"href":"https:\/\/linitiative.ca\/International\/wp-json\/wp\/v2\/comments?post=32062"}],"version-history":[{"count":0,"href":"https:\/\/linitiative.ca\/International\/wp-json\/wp\/v2\/posts\/32062\/revisions"}],"wp:attachment":[{"href":"https:\/\/linitiative.ca\/International\/wp-json\/wp\/v2\/media?parent=32062"}],"wp:term":[{"taxonomy":"category","embeddable":true,"href":"https:\/\/linitiative.ca\/International\/wp-json\/wp\/v2\/categories?post=32062"},{"taxonomy":"post_tag","embeddable":true,"href":"https:\/\/linitiative.ca\/International\/wp-json\/wp\/v2\/tags?post=32062"}],"curies":[{"name":"wp","href":"https:\/\/api.w.org\/{rel}","templated":true}]}}