{"id":32063,"date":"2019-05-04T09:43:04","date_gmt":"2019-05-04T13:43:04","guid":{"rendered":"https:\/\/linitiative.ca\/International\/alger-relogement-de-81-familles-habitant-des-batisses-menacant-ruine\/"},"modified":"2019-05-04T09:43:04","modified_gmt":"2019-05-04T13:43:04","slug":"alger-relogement-de-81-familles-habitant-des-batisses-menacant-ruine","status":"publish","type":"post","link":"https:\/\/linitiative.ca\/International\/alger-relogement-de-81-familles-habitant-des-batisses-menacant-ruine\/","title":{"rendered":"Alger : relogement de 81 familles habitant des b\u00e2tisses mena\u00e7ant ruine"},"content":{"rendered":"<div>\n<div class=\"K2FeedImage\"><img decoding=\"async\" src=\"http:\/\/www.aps.dz\/media\/k2\/items\/cache\/8c2a9bd5e219fe1325bee0cced267362_S.jpg\" alt=\"Alger : relogement de 81 familles habitant des b\u00e2tisses mena\u00e7ant ruine\"><\/div>\n<div class=\"K2FeedIntroText\">\n<p>ALGER &#8211; Un total de quatre-vingt et une (81) familles qui r\u00e9sidaient dans des habitations class\u00e9es rouge, sises \u00e0 La Basse Casbah ont b\u00e9n\u00e9fici\u00e9 samedi de logements, dans le cadre de la 1e phase de la 25e op\u00e9ration de relogement lanc\u00e9e en urgence par les services de la wilaya d&rsquo;Alger au profit des habitants des immeubles mena\u00e7ant ruine.<\/p>\n<\/div>\n<div class=\"K2FeedFullText\">\n<p>Ces familles qui habitaient notamment \u00e0 Bad Djedid (Haute Casbah) et les rues Hocine Bourahla et Brahim Hadjout dans la Basse Casbah\u00a0 ont d\u00e9m\u00e9nag\u00e9 vers de nouvelles cit\u00e9es sises \u00e0 Ouled Fayet (Ouest d&rsquo;Alger), apr\u00e8s que leurs habitations aient \u00e9t\u00e9 class\u00e9es \u00ab\u00a0rouge 5\u00a0\u00bb.<\/p>\n<p>L&rsquo;APS\u00a0 s&rsquo;est enquit de l&rsquo;\u00e9tat de la v\u00e9tust\u00e9 et de l&rsquo;exigu\u00eft\u00e9 de leurs habitations qui ne disposent d&rsquo;aucun moyen de confort et de salubrit\u00e9, tels que fut le cas pour un bidonville qui \u00e9tait, depuis deux d\u00e9cennies, un centre de transit abritant (5) familles.<\/p>\n<p>M. Ziane Mustapha , chef d&rsquo;\u00e9tudes \u00e0 la Circonscription administrative de Bab El Oued a indiqu\u00e9 que ce type d&rsquo;immeubles mena\u00e7ant ruine conna\u00eetra \u00a0\u00bb le m\u00eame sort\u00a0\u00bb, ajoutant que toutes les b\u00e2tisses seront r\u00e9cup\u00e9r\u00e9es par le minist\u00e8re de la Culture aux fins de r\u00e9novation.<\/p>\n<hr>\n<p><em><strong>Lire aussi:\u00a0<\/strong><\/em><a href=\"http:\/\/www.aps.dz\/regions\/88990-approvisionnement-en-eau-potable-24-24-pendant-ramadhan-a-alger\">Approvisionnement en eau potable 24\/24 pendant Ramadhan \u00e0 Alger<\/a><\/p>\n<hr>\n<p>Quant aux immeubles datant de l&rsquo;\u00e8re coloniale, poursuit le responsable, \u00a0\u00bb la majeure partie sera ferm\u00e9e, ensuite soumise \u00e0 une contre-expertise qui sera men\u00e9e par les services concern\u00e9s qui d\u00e9cideront de leur sort\u00a0\u00bb, a-t-il pr\u00e9cis\u00e9.<\/p>\n<p>A \u00ab\u00a0Dar Sedka\u00a0\u00bb sise 5 Rue Cheikh El Kinai, mitoyenne de Dar Hassen Pacha \u00e0 la Basse Casbah, deux familles ayant habit\u00e9 les lieux depuis 1962, ont \u00e9t\u00e9 relog\u00e9es. Selon les habitants, cette b\u00e2tisse \u00e0 l&rsquo;architecture ottomane \u00ab\u00a0\u00e9tait destin\u00e9e\u00a0\u00bb, \u00e0 \u00a0\u00bb \u00eatre transform\u00e9e en mus\u00e9e\u00a0\u00bb.<\/p>\n<p>Malgr\u00e9 la satisfaction qui s&rsquo;affichait sur les visages des familles relog\u00e9es, il n&rsquo;en demeure pas loin que beaucoup d&rsquo;autres cas se sont plaints de \u00a0\u00bb la mauvaise \u00e9valuation\u00a0\u00bb de l&rsquo;\u00e9tat de leurs b\u00e2tisses, tels que l&rsquo;immeuble datant de l&rsquo;\u00e8re coloniale sis 7 Rue Ahmed Bouzrina et qui a \u00e9t\u00e9 class\u00e9 \u00a0\u00bb rouge 5&Prime; lors du constat r\u00e9alis\u00e9 par des repr\u00e9sentants de la wilaya et de la Da\u00efra.<\/p>\n<p>Il convient de souligner que la 1e phase de la 25e op\u00e9ration de relogement se poursuivra jusqu&rsquo;\u00e0 dimanche prochain et verra le relogement de plus de 200 familles, y compris les immeubles situ\u00e9s \u00e0 rue Tamglit qui a connu, vers la fin du mois \u00e9coul\u00e9, l&rsquo;effondrement d&rsquo;un immeuble, ayant fait 5 morts parmi les habitants.<\/p>\n<\/div>\n<\/div>\n<p>Auteur:<br \/>\n<a href=\"http:\/\/www.aps.dz\/regions\/89022-alger-relogement-de-81-familles-habitant-des-batisses-menacant-ruine\">Cliquez ici pour lire l&rsquo;article depuis sa source.<\/a><\/p>\n","protected":false},"excerpt":{"rendered":"<p>ALGER &#8211; Un total de quatre-vingt et une (81) familles qui r\u00e9sidaient dans des habitations class\u00e9es rouge, sises \u00e0 La Basse Casbah ont b\u00e9n\u00e9fici\u00e9 samedi de logements, dans le cadre de la 1e phase de la 25e op\u00e9ration de relogement lanc\u00e9e en urgence par les services de la wilaya d&rsquo;Alger au profit des habitants des [&hellip;]<\/p>\n","protected":false},"author":1790,"featured_media":32064,"comment_status":"closed","ping_status":"closed","sticky":false,"template":"","format":"standard","meta":{"fifu_image_url":"","fifu_image_alt":"","footnotes":""},"categories":[53,76],"tags":[],"class_list":["post-32063","post","type-post","status-publish","format-standard","has-post-thumbnail","hentry","category-algerie","category-regions"],"_links":{"self":[{"href":"https:\/\/linitiative.ca\/International\/wp-json\/wp\/v2\/posts\/32063","targetHints":{"allow":["GET"]}}],"collection":[{"href":"https:\/\/linitiative.ca\/International\/wp-json\/wp\/v2\/posts"}],"about":[{"href":"https:\/\/linitiative.ca\/International\/wp-json\/wp\/v2\/types\/post"}],"author":[{"embeddable":true,"href":"https:\/\/linitiative.ca\/International\/wp-json\/wp\/v2\/users\/1790"}],"replies":[{"embeddable":true,"href":"https:\/\/linitiative.ca\/International\/wp-json\/wp\/v2\/comments?post=32063"}],"version-history":[{"count":0,"href":"https:\/\/linitiative.ca\/International\/wp-json\/wp\/v2\/posts\/32063\/revisions"}],"wp:featuredmedia":[{"embeddable":true,"href":"https:\/\/linitiative.ca\/International\/wp-json\/"}],"wp:attachment":[{"href":"https:\/\/linitiative.ca\/International\/wp-json\/wp\/v2\/media?parent=32063"}],"wp:term":[{"taxonomy":"category","embeddable":true,"href":"https:\/\/linitiative.ca\/International\/wp-json\/wp\/v2\/categories?post=32063"},{"taxonomy":"post_tag","embeddable":true,"href":"https:\/\/linitiative.ca\/International\/wp-json\/wp\/v2\/tags?post=32063"}],"curies":[{"name":"wp","href":"https:\/\/api.w.org\/{rel}","templated":true}]}}