{"id":32065,"date":"2019-05-04T08:30:20","date_gmt":"2019-05-04T12:30:20","guid":{"rendered":"https:\/\/linitiative.ca\/International\/lancement-a-figuig-des-travaux-de-restauration-et-de-rehabilitation-de-ksar-znaga\/"},"modified":"2019-05-04T08:30:20","modified_gmt":"2019-05-04T12:30:20","slug":"lancement-a-figuig-des-travaux-de-restauration-et-de-rehabilitation-de-ksar-znaga","status":"publish","type":"post","link":"https:\/\/linitiative.ca\/International\/lancement-a-figuig-des-travaux-de-restauration-et-de-rehabilitation-de-ksar-znaga\/","title":{"rendered":"Lancement \u00e0 Figuig des travaux de restauration et de r\u00e9habilitation de Ksar Znaga"},"content":{"rendered":"<div readability=\"39\">\n<p>Le coup d\u2019envoi des travaux de restauration et de r\u00e9habilitation de Ksar Znaga \u00e0 Figuig, pour un investissement de 5 millions de dirhams (MDH), a \u00e9t\u00e9 donn\u00e9, vendredi, par la secr\u00e9taire d\u2019\u00c9tat charg\u00e9e de l\u2019Habitat, Fatna El Khiyel.<\/p>\n<\/div>\n<div readability=\"100\">\n<p>Accompagn\u00e9e d\u2019une d\u00e9l\u00e9gation compos\u00e9e notamment du gouverneur de la province de Figuig, Mohamed Derhem, de plusieurs \u00e9lus et responsables r\u00e9gionaux et locaux, Mme El Khiyel a proc\u00e9d\u00e9 au lancement des travaux des trois premi\u00e8res\u00a0phases du projet de restauration et de r\u00e9habilitation du Ksar Znaga (commune de Figuig).<\/p>\n<p>S\u2019inscrivant dans le cadre de la mise en \u0153uvre du Programme d\u2019accompagnement pour la valorisation durable des ksour et kasbah du Maroc, ce projet, dont les travaux s\u2019\u00e9taleront sur six mois, vise \u00e0 sauvegarder le patrimoine architectural original\u00a0via l\u2019utilisation de mat\u00e9riaux locaux dans la construction et la restauration, a indiqu\u00e9 \u00e0 la presse Mme El Khiyel.<\/p>\n<p>Il s\u2019agit \u00e9galement de redonner vie \u00e0 ces ksours en mettant l\u2019\u00e9l\u00e9ment humain au c\u0153ur de cette action via l\u2019appui aux Activit\u00e9s g\u00e9n\u00e9ratrices de revenus (AGR) aux retomb\u00e9es socio-\u00e9conomiques sur les populations locales, en particulier les jeunes et les femmes, a ajout\u00e9 la secr\u00e9taire d\u2019Etat.<\/p>\n<p>Ces AGR, qui sont une partie int\u00e9grante et essentielle du Programme, ont pour finalit\u00e9 d\u2019am\u00e9liorer les conditions de vie des habitants pour favoriser leur s\u00e9dentarisation dans l\u2019environnement o\u00f9 ils sont n\u00e9s, a-t-elle encore dit.<\/p>\n<p>La secr\u00e9taire d\u2019Etat et la d\u00e9l\u00e9gation l\u2019accompagnant se sont \u00e9galement enquis de l\u2019\u00e9tat d\u2019avancement des travaux du projet de restauration et de r\u00e9habilitation du Ksar El Maiz, dans la collectivit\u00e9 territoriale de Figuig.<\/p>\n<p>Il aussi \u00e9t\u00e9 proc\u00e9d\u00e9 \u00e0 la remise de mat\u00e9riels agricoles d\u2019un co\u00fbt global de 370.000 dhs au profit des coop\u00e9ratives locales ainsi que d\u2019un\u00a0lot de 30 v\u00e9los (185.000 dhs) afin de promouvoir le tourisme \u00e9cologique et faire connaitre aux touristes les potentialit\u00e9s dont regorge la r\u00e9gion via l\u2019utilisation d\u2019un moyen de transport pratique et \u00e9cologique.<\/p>\n<p>Ces projets concernent \u00e9galement l\u2019am\u00e9nagement et l\u2019\u00e9quipement d\u2019une cr\u00e8che \u00e0 Ksar El Maiz avec un investissement de 140.000 dhs en vue d\u2019encourager l\u2019\u00e9ducation et l\u2019enseignement pr\u00e9scolaire et cr\u00e9er des emplois pour les jeunes.<\/p>\n<p>Le directeur national du Programme de valorisation durable des ksour et kasbah, Bouazza Barka, a consid\u00e9r\u00e9 que ce programme, qui vise \u00e9galement \u00a0\u00e0 renforcer les capacit\u00e9s des acteurs locaux, a contribu\u00e9 \u00e0 plus de 80% de la valeur des \u00e9quipements offerts aux associations b\u00e9n\u00e9ficiaires.<\/p>\n<p>Le Programme a pour but de r\u00e9habiliter 16 ksour et kasbah r\u00e9partis sur 7 provinces et d\u2019am\u00e9liorer les conditions de vie de leurs populations, notamment en mati\u00e8re d\u2019habitat, a-t-il affirm\u00e9.<\/p>\n<p>Dot\u00e9 d\u2019un montant de 134 MDH, le Programme d\u2019accompagnement pour la valorisation durable des ksour et kasbah du Maroc (2015-2019), vise aussi \u00e0 d\u00e9finir les contours d\u2019une vision et d\u2019une m\u00e9thodologie d\u2019accompagnement en mati\u00e8re d\u2019intervention au niveau des ksour et kasbah \u00e0 l\u2019horizon 2025, explique M. Barka.<\/p>\n<p>Ce programme a \u00e9t\u00e9 lanc\u00e9 en 2015 \u00e0 l\u2019initiative du minist\u00e8re de l\u2019Habitat et de la politique de la ville en partenariat avec le Programme des Nations unies pour le d\u00e9veloppement (PNUD) au Maroc.<\/p>\n<\/div>\n<p>Auteur: Soufiane ELAHMAR<br \/>\n<a href=\"http:\/\/www.mapoujda.ma\/fr\/lancement-a-figuig-des-travaux-de-restauration-et-de-rehabilitation-de-ksar-znaga\/\">Cliquez ici pour lire l&rsquo;article depuis sa source.<\/a><\/p>\n","protected":false},"excerpt":{"rendered":"<p>Le coup d\u2019envoi des travaux de restauration et de r\u00e9habilitation de Ksar Znaga \u00e0 Figuig, pour un investissement de 5 millions de dirhams (MDH), a \u00e9t\u00e9 donn\u00e9, vendredi, par la secr\u00e9taire d\u2019\u00c9tat charg\u00e9e de l\u2019Habitat, Fatna El Khiyel. Accompagn\u00e9e d\u2019une d\u00e9l\u00e9gation compos\u00e9e notamment du gouverneur de la province de Figuig, Mohamed Derhem, de plusieurs \u00e9lus [&hellip;]<\/p>\n","protected":false},"author":1788,"featured_media":0,"comment_status":"closed","ping_status":"closed","sticky":false,"template":"","format":"standard","meta":{"fifu_image_url":"","fifu_image_alt":"","footnotes":""},"categories":[54,76],"tags":[],"class_list":["post-32065","post","type-post","status-publish","format-standard","hentry","category-maroc","category-regions"],"_links":{"self":[{"href":"https:\/\/linitiative.ca\/International\/wp-json\/wp\/v2\/posts\/32065","targetHints":{"allow":["GET"]}}],"collection":[{"href":"https:\/\/linitiative.ca\/International\/wp-json\/wp\/v2\/posts"}],"about":[{"href":"https:\/\/linitiative.ca\/International\/wp-json\/wp\/v2\/types\/post"}],"author":[{"embeddable":true,"href":"https:\/\/linitiative.ca\/International\/wp-json\/wp\/v2\/users\/1788"}],"replies":[{"embeddable":true,"href":"https:\/\/linitiative.ca\/International\/wp-json\/wp\/v2\/comments?post=32065"}],"version-history":[{"count":0,"href":"https:\/\/linitiative.ca\/International\/wp-json\/wp\/v2\/posts\/32065\/revisions"}],"wp:attachment":[{"href":"https:\/\/linitiative.ca\/International\/wp-json\/wp\/v2\/media?parent=32065"}],"wp:term":[{"taxonomy":"category","embeddable":true,"href":"https:\/\/linitiative.ca\/International\/wp-json\/wp\/v2\/categories?post=32065"},{"taxonomy":"post_tag","embeddable":true,"href":"https:\/\/linitiative.ca\/International\/wp-json\/wp\/v2\/tags?post=32065"}],"curies":[{"name":"wp","href":"https:\/\/api.w.org\/{rel}","templated":true}]}}