{"id":32066,"date":"2019-05-04T14:54:29","date_gmt":"2019-05-04T18:54:29","guid":{"rendered":"https:\/\/linitiative.ca\/International\/bombardier-rassure-sur-les-emplois-au-maroc\/"},"modified":"2019-05-04T14:54:29","modified_gmt":"2019-05-04T18:54:29","slug":"bombardier-rassure-sur-les-emplois-au-maroc","status":"publish","type":"post","link":"https:\/\/linitiative.ca\/International\/bombardier-rassure-sur-les-emplois-au-maroc\/","title":{"rendered":"Bombardier rassure sur les emplois au Maroc"},"content":{"rendered":"<p class=\"rtejustify\">Le groupe canadien Bombardier a annonc\u00e9, jeudi dernier, lors de la pr\u00e9sentation de ses r\u00e9sultats trimestriels, qu\u2019il pr\u00e9voit la cession de ses activit\u00e9s d\u2019a\u00e9rostructures au Maroc et \u00e0 Belfast (Irlande du Nord). Le g\u00e9ant canadien compte en effet consolider ses actifs a\u00e9ronautiques dans une seule entit\u00e9 \u00absimplifi\u00e9e et pleinement int\u00e9gr\u00e9e\u00bb, en mettant en place \u00abBombardier Aviation\u00bb. \u00abTout en progressant dans l\u2019optimisation de son empreinte manufacturi\u00e8re mondiale, Bombardier poursuivra la cession de ses activit\u00e9s d\u2019a\u00e9rostructures de Belfast et du Maroc\u00bb, pr\u00e9cise le groupe. Et d\u2019ajouter: \u00abNous sommes convaincus que nous avons la possibilit\u00e9 d\u2019\u00eatre d\u00e9velopp\u00e9s par un acheteur qui nous aidera \u00e0 atteindre notre plein potentiel de croissance\u00bb. Ceci \u00e9tant dit, la filiale marocaine du groupe canadien rassure sur les emplois. \u00abL\u2019annonce d\u2019aujourd\u2019hui n\u2019a aucun impact sur nos effectifs au sein du site du Maroc. Il n\u2019y aura pas de licenciement, tous les postes sont maintenus ainsi que le projet d\u2019extension\u00bb. Et d\u2019ajouter: \u00abBombardier a annonc\u00e9 son intention de vente et non la vente effective\u00bb. Pour rappel, la principale activit\u00e9 du site du Maroc est l\u2019assemblage. C\u2019est un site de rang mondial qui produit des composantes d\u2019ailes, de nacelles et planchers pour avions r\u00e9gionaux CRJ, des pi\u00e8ces de fuselage ou encore des portes pour jet d\u2019affaires Learjet, ainsi que des sous-ensembles pour divers programmes.<\/p>\n<p class=\"rtejustify\"><em>E.M.G. &#038; A.R.<\/em><\/p>\n<p>Auteur: hlafriqi<br \/>\n<a href=\"https:\/\/www.leconomiste.com\/article\/1044659-bombardier-rassure-sur-les-emplois-au-maroc\">Cliquez ici pour lire l&rsquo;article depuis sa source.<\/a><\/p>\n","protected":false},"excerpt":{"rendered":"<p>Le groupe canadien Bombardier a annonc\u00e9, jeudi dernier, lors de la pr\u00e9sentation de ses r\u00e9sultats trimestriels, qu\u2019il pr\u00e9voit la cession de ses activit\u00e9s d\u2019a\u00e9rostructures au Maroc et \u00e0 Belfast (Irlande du Nord). Le g\u00e9ant canadien compte en effet consolider ses actifs a\u00e9ronautiques dans une seule entit\u00e9 \u00absimplifi\u00e9e et pleinement int\u00e9gr\u00e9e\u00bb, en mettant en place \u00abBombardier [&hellip;]<\/p>\n","protected":false},"author":1763,"featured_media":0,"comment_status":"closed","ping_status":"closed","sticky":false,"template":"","format":"standard","meta":{"fifu_image_url":"","fifu_image_alt":"","footnotes":""},"categories":[78,54],"tags":[],"class_list":["post-32066","post","type-post","status-publish","format-standard","hentry","category-economie","category-maroc"],"_links":{"self":[{"href":"https:\/\/linitiative.ca\/International\/wp-json\/wp\/v2\/posts\/32066","targetHints":{"allow":["GET"]}}],"collection":[{"href":"https:\/\/linitiative.ca\/International\/wp-json\/wp\/v2\/posts"}],"about":[{"href":"https:\/\/linitiative.ca\/International\/wp-json\/wp\/v2\/types\/post"}],"author":[{"embeddable":true,"href":"https:\/\/linitiative.ca\/International\/wp-json\/wp\/v2\/users\/1763"}],"replies":[{"embeddable":true,"href":"https:\/\/linitiative.ca\/International\/wp-json\/wp\/v2\/comments?post=32066"}],"version-history":[{"count":0,"href":"https:\/\/linitiative.ca\/International\/wp-json\/wp\/v2\/posts\/32066\/revisions"}],"wp:attachment":[{"href":"https:\/\/linitiative.ca\/International\/wp-json\/wp\/v2\/media?parent=32066"}],"wp:term":[{"taxonomy":"category","embeddable":true,"href":"https:\/\/linitiative.ca\/International\/wp-json\/wp\/v2\/categories?post=32066"},{"taxonomy":"post_tag","embeddable":true,"href":"https:\/\/linitiative.ca\/International\/wp-json\/wp\/v2\/tags?post=32066"}],"curies":[{"name":"wp","href":"https:\/\/api.w.org\/{rel}","templated":true}]}}