{"id":32067,"date":"2019-05-04T15:14:07","date_gmt":"2019-05-04T19:14:07","guid":{"rendered":"https:\/\/linitiative.ca\/International\/ligue-1-2-nahd-mouaki-cette-treve-est-une-arme-a-double-tranchant\/"},"modified":"2019-05-04T15:14:07","modified_gmt":"2019-05-04T19:14:07","slug":"ligue-1-2-nahd-mouaki-cette-treve-est-une-arme-a-double-tranchant","status":"publish","type":"post","link":"https:\/\/linitiative.ca\/International\/ligue-1-2-nahd-mouaki-cette-treve-est-une-arme-a-double-tranchant\/","title":{"rendered":"Ligue 1 &amp; 2 : NAHD &#8211; Mouaki: \u00abCette tr\u00eave est une arme \u00e0 double tranchant\u00bb"},"content":{"rendered":"<div readability=\"32\">\n<p>Auteur : <span>Rachid C.<\/span> <span class=\"time\">samedi 04 mai 2019 11:19<\/span><\/p>\n<\/div>\n<div id=\"post_core\" readability=\"70\">\n<p>Contact\u00e9 hier apr\u00e8s-midi au bout du fil, Dadi El Hocine Mouaki a accept\u00e9 de nous accorder quelques minutes de son temps pour r\u00e9pondre \u00e0 nos questions. L\u2019ancien attaquant de l\u2019USB estime que la tr\u00eave qu\u2019observe la Ligue 1 mobilis est une arme \u00e0 double tranchant. Il a parl\u00e9 \u00e9galement de son retour en forme et ses objectifs lors des quatre derni\u00e8res journ\u00e9es du championnat.<br \/><strong>Pour commencer, comment g\u00e9rez-vous la tr\u00eave qu\u2019observe le championnat ?<\/strong><br \/>Le plus normalement du monde. Les membres du staff technique nous ont trac\u00e9 un programme que nous sommes en train d\u2019appliquer \u00e0 la lettre. Les joueurs ont r\u00e9ussi \u00e0 tourner la page du Paradou AC. Un bon \u00e9tat d\u2019esprit r\u00e8gne au sein du groupe, nous sommes tous concentr\u00e9s sur la rencontre du week-end prochain qui nous opposera \u00e0 l\u2019ESS. Nous sommes plus que jamais d\u00e9termin\u00e9s \u00e0 mettre fin \u00e0 la mauvaise s\u00e9rie et renouer avec les r\u00e9sultats positifs. \u00a0<br \/><strong>Cet arr\u00eat arrive au bon moment puisqu\u2019il vous permet de revoir ce qui n\u2019a pas march\u00e9 ces derni\u00e8res semaines, n\u2019est-ce pas ?<\/strong><br \/>J\u2019estime que c\u2019est une arme \u00e0 double tranchant. Certes, le coach va avoir le temps n\u00e9cessaire pour corriger les lacunes constat\u00e9es et r\u00e9cup\u00e9rer les \u00e9l\u00e9ments bless\u00e9s qui n\u2019ont pas pu prendre part aux pr\u00e9c\u00e9dentes empoignades. D\u2019un autre c\u00f4t\u00e9, c\u2019est difficile pour un joueur qui reste deux semaines sans disputer de match de maintenir le rythme de la comp\u00e9tition, mais nous n\u2019avons pas le choix. Nous devons respecter le calendrier \u00e9tabli par les responsables de la Ligue du football professionnel. \u00a0<br \/><strong>Sur un plan personnel, vous avez inscrit face au PAC votre troisi\u00e8me but cette saison, quel est votre sentiment ?<\/strong><br \/>Ma joie n\u2019est pas compl\u00e8te puisque je n\u2019ai pu \u00e9viter la d\u00e9faite aux miens. Ma r\u00e9alisation n\u2019a aucune saveur. J\u2019aurais aim\u00e9 que mon but soit celui de la victoire mais au final nous nous sommes inclin\u00e9s sur le score de deux buts \u00e0 un.<br \/><strong>Simple rempla\u00e7ant au d\u00e9but de la phase retour, vous avez r\u00e9ussi \u00e0 revenir en force ces derni\u00e8res semaines. Quel est le secret de cette grande forme ?<\/strong><br \/>Il n\u2019y a aucun secret. La belle forme que j\u2019affiche ces derniers temps est le fruit des efforts que je fournis quotidiennement aux entra\u00eenements. C\u2019est vrai, mes d\u00e9buts au Nasria \u00e9taient un peu compliqu\u00e9s. J\u2019ai mis un peu de temps \u00e0 m\u2019adapter mais les buts que j\u2019ai r\u00e9ussis \u00e0 inscrire face au Mouloudia et le PAC m\u2019ont permis de reprendre confiance. Je me suis compl\u00e8tement lib\u00e9r\u00e9. Maintenant, je ne dois pas m\u2019enflammer. Je dois garder la t\u00eate sur les \u00e9paules et redoubler les efforts pour poursuivre ma progression.<br \/><strong>Quels sont vos objectifs pour les quatre derni\u00e8res journ\u00e9es du championnat ?<\/strong><br \/>Mon premier objectif est d\u2019aider mon \u00e9quipe \u00e0 assurer son maintien en Ligue 1 mobilis d\u2019une mani\u00e8re officielle. En tant qu\u2019attaquant, j\u2019esp\u00e8re que la r\u00e9ussite soit de mon c\u00f4t\u00e9 lors des quatre prochaines confrontations. Je vais faire de mon mieux pour inscrire le plus possible de buts. Sur un plan personnel, l\u2019exercice en cours a \u00e9t\u00e9 tr\u00e8s compliqu\u00e9. Je vais me donner \u00e0 fond pour le terminer de la meilleure des mani\u00e8res. \u00a0<\/p>\n<p><strong>Tout pour r\u00e9cup\u00e9rer Gasmi<\/strong><\/p>\n<p>Titulaire lors du match de la mise \u00e0 jour de la 24e journ\u00e9e de la Ligue 1 mobilis, Ahmed Gasmi n\u2019a pu \u00e9viter aux siens une troisi\u00e8me contre-performances de suite. Le meilleur buteur du Nasria cette saison avec onze r\u00e9alisations toutes comp\u00e9titions confondues, a m\u00eame eu des difficult\u00e9s \u00e0 aller au bout de la rencontre \u00e0 cause des douleurs qu\u2019il a senties. Des douleurs qui ont fait que sa participation contre l\u2019ESS le samedi prochain, soit incertaine. L\u2019enfant de Skikda a multipli\u00e9 depuis les allers-retours \u00e0 l\u2019infirmerie et se sent mieux \u00e0 pr\u00e9sent, c\u2019est en tout cas ce que nous avons pu apprendre d\u2019une source proche de ce dossier. Consid\u00e9r\u00e9 comme un \u00e9l\u00e9ment cl\u00e9 dans le onze de Mohamed Lacet, ce dernier esp\u00e8re voir son avant-centre se r\u00e9tablir et ce n\u2019est que lors des prochains jours qu\u2019on saura s\u2019il sera apte \u00e0 tenir son r\u00f4le.<br \/><strong>Il souffre d\u2019une \u00e9longation<\/strong><br \/>Comme nous l\u2019avons d\u00e9j\u00e0 annonc\u00e9 lors de nos pr\u00e9c\u00e9dentes \u00e9ditions, c\u2019est le lundi que la capitaine des Sang et Or a effectu\u00e9 des examens approfondis pour \u00eatre fix\u00e9 sur la gravit\u00e9 de sa blessure. Tr\u00e8s inquiet au d\u00e9but, il a \u00e9t\u00e9 soulag\u00e9 en apprenant qu\u2019il n\u2019a rien de grave. D\u2019apr\u00e8s une source proche de ce dossier, il ne souffre que d\u2019une simple \u00e9longation au mollet. Une l\u00e9g\u00e8re blessure qui ne n\u00e9cessite que quelques jours de repos.\u00a0\u00a0 \u00a0<br \/><strong>Il veut \u00e0 tout prix \u00eatre pr\u00e9sent face \u00e0 l\u2019ESS<\/strong><br \/>Alors que ses co\u00e9quipiers poursuivent les pr\u00e9paratifs \u00e0 l\u2019ESHRA, Ahmed Gasmi est soumis \u00e0 des soins intensifs \u00e0 l\u2019h\u00f4pital du CNMS et cela depuis maintenant cinq jours. Conscient de l\u2019importance de la prochaine rencontre qui aura lieu samedi prochain au stade du 20-Ao\u00fbt-55 face \u00e0 l\u2019Entente, Ahmed Gasmi est en train de faire tout son possible pour se remettre le plus t\u00f4t possible et \u00eatre pr\u00e9sent le week-end prochain. Pour rappel, ayant d\u00e9j\u00e0 35 points \u00e0 son actif, le NAHD n\u2019a besoin que d\u2019un point pour assurer d\u2019une mani\u00e8re officielle son maintien parmi l\u2019\u00e9lite. Chose qui explique l\u2019importance du prochain rendez-vous aux yeux des Husseind\u00e9ens. \u00a0<br \/>\u00a0<\/p>\n<p><strong>Publi\u00e9 dans :<\/strong> <span>Nahd<\/span> <span>Gasmi<\/span> <span>Mouaki<\/span><\/p>\n<\/div>\n<p>Auteur:<br \/>\n<a href=\"http:\/\/www.lebuteur.com\/article\/detail?titre=nahd-mouaki-cette-treve-est-une-arme-a-double-tranchant&#038;id=88496&#038;utm_source=feedburner&#038;utm_medium=feed&#038;utm_campaign=Feed%3A+GalerieFArtciles+%28Les+derniers+articles++-+lebuteur.com%29\">Cliquez ici pour lire l&rsquo;article depuis sa source.<\/a><\/p>\n","protected":false},"excerpt":{"rendered":"<p>Auteur : Rachid C. samedi 04 mai 2019 11:19 Contact\u00e9 hier apr\u00e8s-midi au bout du fil, Dadi El Hocine Mouaki a accept\u00e9 de nous accorder quelques minutes de son temps pour r\u00e9pondre \u00e0 nos questions. L\u2019ancien attaquant de l\u2019USB estime que la tr\u00eave qu\u2019observe la Ligue 1 mobilis est une arme \u00e0 double tranchant. Il [&hellip;]<\/p>\n","protected":false},"author":1738,"featured_media":32068,"comment_status":"closed","ping_status":"closed","sticky":false,"template":"","format":"standard","meta":{"fifu_image_url":"","fifu_image_alt":"","footnotes":""},"categories":[53,75],"tags":[],"class_list":["post-32067","post","type-post","status-publish","format-standard","has-post-thumbnail","hentry","category-algerie","category-sport"],"_links":{"self":[{"href":"https:\/\/linitiative.ca\/International\/wp-json\/wp\/v2\/posts\/32067","targetHints":{"allow":["GET"]}}],"collection":[{"href":"https:\/\/linitiative.ca\/International\/wp-json\/wp\/v2\/posts"}],"about":[{"href":"https:\/\/linitiative.ca\/International\/wp-json\/wp\/v2\/types\/post"}],"author":[{"embeddable":true,"href":"https:\/\/linitiative.ca\/International\/wp-json\/wp\/v2\/users\/1738"}],"replies":[{"embeddable":true,"href":"https:\/\/linitiative.ca\/International\/wp-json\/wp\/v2\/comments?post=32067"}],"version-history":[{"count":0,"href":"https:\/\/linitiative.ca\/International\/wp-json\/wp\/v2\/posts\/32067\/revisions"}],"wp:featuredmedia":[{"embeddable":true,"href":"https:\/\/linitiative.ca\/International\/wp-json\/"}],"wp:attachment":[{"href":"https:\/\/linitiative.ca\/International\/wp-json\/wp\/v2\/media?parent=32067"}],"wp:term":[{"taxonomy":"category","embeddable":true,"href":"https:\/\/linitiative.ca\/International\/wp-json\/wp\/v2\/categories?post=32067"},{"taxonomy":"post_tag","embeddable":true,"href":"https:\/\/linitiative.ca\/International\/wp-json\/wp\/v2\/tags?post=32067"}],"curies":[{"name":"wp","href":"https:\/\/api.w.org\/{rel}","templated":true}]}}