{"id":32069,"date":"2019-05-04T15:14:08","date_gmt":"2019-05-04T19:14:08","guid":{"rendered":"https:\/\/linitiative.ca\/International\/ligue-1-2-ess-zeghba-vers-al-wehda\/"},"modified":"2019-05-04T15:14:08","modified_gmt":"2019-05-04T19:14:08","slug":"ligue-1-2-ess-zeghba-vers-al-wehda","status":"publish","type":"post","link":"https:\/\/linitiative.ca\/International\/ligue-1-2-ess-zeghba-vers-al-wehda\/","title":{"rendered":"Ligue 1 &amp; 2 : ESS: Zeghba vers Al Wehda"},"content":{"rendered":"<div readability=\"32\">\n<p>Auteur : <span>A. F.<\/span> <span class=\"time\">samedi 04 mai 2019 11:19<\/span><\/p>\n<\/div>\n<div id=\"post_core\" readability=\"124\">\n<p>La presse saoudienne parle ces derniers temps avec insistance de la probable arriv\u00e9e du gardien de l\u2019Entente de S\u00e9tif Mustapha Zeghba au club d\u2019Al Wehda. Le portier s\u00e9tifien serait en effet en n\u00e9gociations tr\u00e8s avanc\u00e9es avec les responsables du club saoudien qui laissent entendre en m\u00eame temps que l\u2019accord entre les deux parties serait imminent. Al Wehda aurait fait une offre all\u00e9chante \u00e0 l\u2019international alg\u00e9rien qui est \u00e9galement sollicit\u00e9 par d\u2019autres clubs des pays du Golfe. Il est \u00e0 rappeler que Zeghba avait eu une offre s\u00e9rieuse au mercato hivernal mais la direction du club s\u2019\u00e9tait oppos\u00e9e \u00e0 son d\u00e9part. Aujourd\u2019hui qu\u2019il est libre de tout engagement et vu ses performances de cette saison, on peut avancer sans risque de nous tromper que Zeghba ne sera pas l\u00e0 la saison prochaine.<\/p>\n<p><strong>Bakir, Aiboud, Bedrane, Djahnit et Djabou risquent de lui embo\u00eeter le pas<\/strong><br \/>D\u2019autres joueurs vont certainement lui embo\u00eeter le pas, notamment les \u00e9l\u00e9ments qui sont en fin de contrat \u00e0 l\u2019image de Bakir, Bedrane, Aiboud et Djahnit, en plus de Djabou qui a effectu\u00e9 une saison remarquable qui lui a valu l\u2019int\u00e9r\u00eat de plusieurs clubs qui veulent s\u2019attacher ses services. Et compte tenu de la situation qui pr\u00e9vaut au sein du club s\u00e9tifien et le flou qui entoure l\u2019avenir de la direction actuelle, l\u2019on se demande comment on va pouvoir les retenir. L\u2019on se dirige en effet droit vers une saign\u00e9e l\u2019\u00e9t\u00e9 prochain.<\/p>\n<p><strong>Neghiz appr\u00e9hende le Ramadhan<\/strong><\/p>\n<p>L\u2019entraineur de l\u2019ESS Nabil Neghiz n\u2019a pas cach\u00e9 ses appr\u00e9hensions par rapport au contexte dans lequel vont se jouer les prochains matchs du championnat, c\u2019est-\u00e0-dire pendant le mois de Ramadhan et avant le ftour. \u00ab Franchement, je ne comprends pas la raison qui a pouss\u00e9 la ligue \u00e0 programmer les matchs dans la journ\u00e9e pendant le mois de Ramadhan alors que tous les stades sont dot\u00e9s \u00e0 ma connaissance d\u2019\u00e9clairage nocturne. Cela aurait \u00e9t\u00e9 plus convenable dans la soir\u00e9e, m\u00eame \u00e0 23h. Mais pendant la journ\u00e9e, avec la chaleur qu\u2019il va y avoir, \u00e7a ne va pas \u00eatre \u00e9vident du tout \u00bb, nous a-t-il d\u00e9clar\u00e9. Cela dit, nous avons appris que la ligue voulait bien programmer les matchs en nocturne, mais puisque certains stades ne sont pas dot\u00e9s d\u2019\u00e9clairage ad\u00e9quat, notamment le stade 20-Ao\u00fbt qui abritera des matchs d\u00e9cisifs et o\u00f9 sont domicili\u00e9s deux clubs, le CRB et le NAHD,\u00a0 on a d\u00fb programmer tous les matchs \u00e0 partir de 16h, car comme on le sait, toutes les rencontres doivent se jouer \u00e0 la m\u00eame heure.<br \/>\u00a0<\/p>\n<p><strong>RAHBA \u00abIl faut qu\u2019on joue plus souvent pour qu\u2019on puisse nous juger\u00bb<\/strong><\/p>\n<p>Le jeune Rahba, \u00e0 l\u2019image de Deghmoum, esp\u00e8re que les jeunes auront plus de temps de jeu durant les quatre matchs \u00e0 venir.<\/p>\n<p><strong>Comment s\u2019est d\u00e9roul\u00e9e la premi\u00e8re semaine d\u2019entrainement qui a suivi l\u2019\u00e9limination en coupe ?<\/strong><br \/>La reprise a \u00e9t\u00e9 tr\u00e8s difficile, le c\u0153ur n\u2019y \u00e9tait pas du tout et c\u2019est normal, la d\u00e9ception a \u00e9t\u00e9 tr\u00e8s grande et il n\u2019\u00e9tait pas \u00e9vident d\u2019oublier tr\u00e8s vite cette \u00e9limination qui nous a fait tr\u00e8s mal. Mais l\u2019ambiance revient petit \u00e0 petit, surtout apr\u00e8s le match amical qu\u2019on jou\u00e9 jeudi entre les seniors et la r\u00e9serve o\u00f9 il y avait de la vivacit\u00e9 et de l\u2019ambiance aussi. Je pense que la deuxi\u00e8me semaine sera meilleure.<\/p>\n<p><strong>Vous faites partie des jeunes qui s\u2019entrainent avec l\u2019\u00e9quipe premi\u00e8re depuis le stage de Tunisie et l\u2019on imagine que vous attendez avec impatience qu\u2019on vous donne enfin votre chance, non ?<\/strong><br \/>Nous sommes d\u00e9sol\u00e9s avant tout que l\u2019\u00e9quipe ait perdu tous ses objectifs cette saison, c\u2019est vraiment malheureux, on ne s\u2019y attendait pas. Et puisqu\u2019il ne reste pas d\u2019objectif pr\u00e9cis et que les matchs \u00e0 venir seront presque sans grands enjeux, nous esp\u00e9rons effectivement qu\u2019on nous donne plus de chances pour qu\u2019on puisse mieux s\u2019exprimer et montrer ce dont nous sommes capables. On veut plus de temps de jeu, ce n\u2019est que de cette mani\u00e8re qu\u2019on pourra gagner un peu d\u2019exp\u00e9rience \u00e0 ce niveau.<\/p>\n<p><strong>Pensez-vous que les jeunes de l\u2019Entente, ou du moins ceux qui s\u2019entrainent avec les seniors, sont capables de gagner une place dans l\u2019\u00e9quipe type ?<\/strong><br \/>Je dois attirer votre attention sur un point important, c\u2019est qu\u2019on s\u2019est entrain\u00e9s presque toute la saison avec les seniors et cela nous a permis d\u2019apprendre beaucoup \u00e0 leurs c\u00f4t\u00e9s et d\u2019acqu\u00e9rir un peu d\u2019exp\u00e9rience, surtout en matchs amicaux. Maintenant, ce dont nous avons besoin, c\u2019est de jouer des matchs officiels qui sont le seul barom\u00e8tre pour \u00e9valuer et juger nos capacit\u00e9s. Nous aussi nous avons besoin de voir o\u00f9 nous en sommes.<\/p>\n<p><strong>En tout cas, l\u2019entraineur Neghiz compte bien vous lancer dans le bain en cette fin de saison. Un commentaire ?<\/strong><br \/>C\u2019est ce que nous souhaitons et nous savons qu\u2019il accorde beaucoup d\u2019attention aux jeunes. Il est connu pour \u00e7a d\u2019ailleurs et on esp\u00e8re qu\u2019on jouera plus souvent durant les matchs qui restent en championnat.<\/p>\n<p><strong>Le reste du championnat se jouera pendant le mois de Ramadhan. Des appr\u00e9hensions par rapport \u00e0 cela ?<\/strong><br \/>Certainement, car d\u2019apr\u00e8s ce que nous avons appris, les matchs vont se jouer dans la journ\u00e9e, avant le ftour, et cela ne va pas \u00eatre facile pour les joueurs. On aurait aim\u00e9 jouer pendant la soir\u00e9e, cela aurait \u00e9t\u00e9 mieux \u00e0 mon avis. Mais bon, on va faire avec. Il ne faut pas oublier aussi que l\u2019Entente a commenc\u00e9 tr\u00e8s t\u00f4t la saison et cela risque de fatiguer davantage les joueurs.<\/p>\n<p><strong>Publi\u00e9 dans :<\/strong> <span>ess<\/span> <span>aiboud<\/span> <span>Bedrane<\/span> <span>Neghiz<\/span> <span>Zeghba<\/span> <span>Bakir<\/span> <span>Djahnit et Djabou<\/span><\/p>\n<\/div>\n<p>Auteur:<br \/>\n<a href=\"http:\/\/www.lebuteur.com\/article\/detail?titre=ess-zeghba-vers-al-wehda&#038;id=88493&#038;utm_source=feedburner&#038;utm_medium=feed&#038;utm_campaign=Feed%3A+GalerieFArtciles+%28Les+derniers+articles++-+lebuteur.com%29\">Cliquez ici pour lire l&rsquo;article depuis sa source.<\/a><\/p>\n","protected":false},"excerpt":{"rendered":"<p>Auteur : A. F. samedi 04 mai 2019 11:19 La presse saoudienne parle ces derniers temps avec insistance de la probable arriv\u00e9e du gardien de l\u2019Entente de S\u00e9tif Mustapha Zeghba au club d\u2019Al Wehda. Le portier s\u00e9tifien serait en effet en n\u00e9gociations tr\u00e8s avanc\u00e9es avec les responsables du club saoudien qui laissent entendre en m\u00eame [&hellip;]<\/p>\n","protected":false},"author":1738,"featured_media":32070,"comment_status":"closed","ping_status":"closed","sticky":false,"template":"","format":"standard","meta":{"fifu_image_url":"","fifu_image_alt":"","footnotes":""},"categories":[53,75],"tags":[],"class_list":["post-32069","post","type-post","status-publish","format-standard","has-post-thumbnail","hentry","category-algerie","category-sport"],"_links":{"self":[{"href":"https:\/\/linitiative.ca\/International\/wp-json\/wp\/v2\/posts\/32069","targetHints":{"allow":["GET"]}}],"collection":[{"href":"https:\/\/linitiative.ca\/International\/wp-json\/wp\/v2\/posts"}],"about":[{"href":"https:\/\/linitiative.ca\/International\/wp-json\/wp\/v2\/types\/post"}],"author":[{"embeddable":true,"href":"https:\/\/linitiative.ca\/International\/wp-json\/wp\/v2\/users\/1738"}],"replies":[{"embeddable":true,"href":"https:\/\/linitiative.ca\/International\/wp-json\/wp\/v2\/comments?post=32069"}],"version-history":[{"count":0,"href":"https:\/\/linitiative.ca\/International\/wp-json\/wp\/v2\/posts\/32069\/revisions"}],"wp:featuredmedia":[{"embeddable":true,"href":"https:\/\/linitiative.ca\/International\/wp-json\/"}],"wp:attachment":[{"href":"https:\/\/linitiative.ca\/International\/wp-json\/wp\/v2\/media?parent=32069"}],"wp:term":[{"taxonomy":"category","embeddable":true,"href":"https:\/\/linitiative.ca\/International\/wp-json\/wp\/v2\/categories?post=32069"},{"taxonomy":"post_tag","embeddable":true,"href":"https:\/\/linitiative.ca\/International\/wp-json\/wp\/v2\/tags?post=32069"}],"curies":[{"name":"wp","href":"https:\/\/api.w.org\/{rel}","templated":true}]}}