{"id":32079,"date":"2019-05-04T15:14:14","date_gmt":"2019-05-04T19:14:14","guid":{"rendered":"https:\/\/linitiative.ca\/International\/international-chelsea-kepa-regrette-son-geste-lors-du-match-face-a-manchester-city\/"},"modified":"2019-05-04T15:14:14","modified_gmt":"2019-05-04T19:14:14","slug":"international-chelsea-kepa-regrette-son-geste-lors-du-match-face-a-manchester-city","status":"publish","type":"post","link":"https:\/\/linitiative.ca\/International\/international-chelsea-kepa-regrette-son-geste-lors-du-match-face-a-manchester-city\/","title":{"rendered":"International : Chelsea : Kepa regrette son geste lors du match face \u00e0 Manchester City"},"content":{"rendered":"<div readability=\"32\">\n<p>Auteur : <span class=\"time\">samedi 04 mai 2019 12:17<\/span><\/p>\n<\/div>\n<div id=\"post_core\" readability=\"55\">\n<p>Lors de la finale de la Carabao Cup perdue face \u00e0 Manchester City, Kepa, le portier de Chelsea, avait provoqu\u00e9 la col\u00e8re noire de son entra\u00eeneur Maurizio Sarri. Pour rappel, alors que ce dernier venait d&rsquo;organiser la sortie de son gardien titulaire afin de laisser entrer Willy Caballero dans l&rsquo;optique de disputer une s\u00e9ance de tirs au but, le jeune gardien de 24 ans avait refus\u00e9 de suivre les consignes de son coach.<\/p>\n<p>\u00ab\u00a0J&rsquo;ai accept\u00e9 ce que le manager et le club avaient \u00e0 me dire, et j&rsquo;ai r\u00e9alis\u00e9 que je ne jouerais pas au prochain match. Bien s\u00fbr, c\u2019\u00e9tait la seule chose que je pouvais faire. C\u2019est quelque chose que j\u2019ai fait dans le feu de l\u2019action. C\u2019est quelque chose dont je ne suis pas tr\u00e8s fier.\u00a0\u00bb<\/p>\n<p>\u00ab\u00a0C\u2019est un moment difficile dont j\u2019ai tir\u00e9 les le\u00e7ons et qui m\u2019apprend toujours. Il est temps que je regarde vers l\u2019avenir. J&rsquo;ai dit que j&rsquo;\u00e9tais d\u00e9sol\u00e9. Le football continue. Nous faisons tous des erreurs (&#8230;) Ce n&rsquo;est que lorsque j&rsquo;ai regard\u00e9 pour la premi\u00e8re fois les images que j&rsquo;ai r\u00e9alis\u00e9. Je le voyais sous un angle diff\u00e9rent. Jusque-l\u00e0, c&rsquo;\u00e9tait comme si j&rsquo;\u00e9tais dans une bulle et que je n&rsquo;avais pas conscience de ce qui s&rsquo;\u00e9tait pass\u00e9. J&rsquo;ai retenu la le\u00e7on et la prochaine fois, ce sera diff\u00e9rent\u00a0\u00bb, a ensuite promis l&rsquo;ancien portier de Bilbao comme rapport\u00e9 par Goal.<\/p>\n<p><strong>Publi\u00e9 dans :<\/strong> <span>chelsea<\/span><\/p>\n<\/div>\n<p>Auteur:<br \/>\n<a href=\"http:\/\/www.lebuteur.com\/article\/detail?titre=chelsea-kepa-regrette-son-geste-lors-du-match-face-a-manchester-city&#038;id=88509&#038;utm_source=feedburner&#038;utm_medium=feed&#038;utm_campaign=Feed%3A+GalerieFArtciles+%28Les+derniers+articles++-+lebuteur.com%29\">Cliquez ici pour lire l&rsquo;article depuis sa source.<\/a><\/p>\n","protected":false},"excerpt":{"rendered":"<p>Auteur : samedi 04 mai 2019 12:17 Lors de la finale de la Carabao Cup perdue face \u00e0 Manchester City, Kepa, le portier de Chelsea, avait provoqu\u00e9 la col\u00e8re noire de son entra\u00eeneur Maurizio Sarri. Pour rappel, alors que ce dernier venait d&rsquo;organiser la sortie de son gardien titulaire afin de laisser entrer Willy Caballero [&hellip;]<\/p>\n","protected":false},"author":1738,"featured_media":32080,"comment_status":"closed","ping_status":"closed","sticky":false,"template":"","format":"standard","meta":{"fifu_image_url":"","fifu_image_alt":"","footnotes":""},"categories":[53,75],"tags":[],"class_list":["post-32079","post","type-post","status-publish","format-standard","has-post-thumbnail","hentry","category-algerie","category-sport"],"_links":{"self":[{"href":"https:\/\/linitiative.ca\/International\/wp-json\/wp\/v2\/posts\/32079","targetHints":{"allow":["GET"]}}],"collection":[{"href":"https:\/\/linitiative.ca\/International\/wp-json\/wp\/v2\/posts"}],"about":[{"href":"https:\/\/linitiative.ca\/International\/wp-json\/wp\/v2\/types\/post"}],"author":[{"embeddable":true,"href":"https:\/\/linitiative.ca\/International\/wp-json\/wp\/v2\/users\/1738"}],"replies":[{"embeddable":true,"href":"https:\/\/linitiative.ca\/International\/wp-json\/wp\/v2\/comments?post=32079"}],"version-history":[{"count":0,"href":"https:\/\/linitiative.ca\/International\/wp-json\/wp\/v2\/posts\/32079\/revisions"}],"wp:featuredmedia":[{"embeddable":true,"href":"https:\/\/linitiative.ca\/International\/wp-json\/"}],"wp:attachment":[{"href":"https:\/\/linitiative.ca\/International\/wp-json\/wp\/v2\/media?parent=32079"}],"wp:term":[{"taxonomy":"category","embeddable":true,"href":"https:\/\/linitiative.ca\/International\/wp-json\/wp\/v2\/categories?post=32079"},{"taxonomy":"post_tag","embeddable":true,"href":"https:\/\/linitiative.ca\/International\/wp-json\/wp\/v2\/tags?post=32079"}],"curies":[{"name":"wp","href":"https:\/\/api.w.org\/{rel}","templated":true}]}}