{"id":32081,"date":"2019-05-04T15:14:15","date_gmt":"2019-05-04T19:14:15","guid":{"rendered":"https:\/\/linitiative.ca\/International\/international-une-nouvelle-recrue-quasiment-bouclee-pour-le-real\/"},"modified":"2019-05-04T15:14:15","modified_gmt":"2019-05-04T19:14:15","slug":"international-une-nouvelle-recrue-quasiment-bouclee-pour-le-real","status":"publish","type":"post","link":"https:\/\/linitiative.ca\/International\/international-une-nouvelle-recrue-quasiment-bouclee-pour-le-real\/","title":{"rendered":"International : Une nouvelle recrue quasiment boucl\u00e9e pour le Real"},"content":{"rendered":"<div readability=\"32\">\n<p>Auteur : <span class=\"time\">samedi 04 mai 2019 12:52<\/span><\/p>\n<\/div>\n<div id=\"post_core\" readability=\"49\">\n<p>En effet, le club madril\u00e8ne aurait d\u2019ores et d\u00e9j\u00e0 boucl\u00e9 l\u2019affaire, en jetant son d\u00e9volu sur le prolifique buteur de Francfort Luka Jovic \u2013 17 r\u00e9alisations en Bundesliga cette saison, plus 9 en Ligue Europa comme l&rsquo;indique Football.<\/p>\n<p>La publication espagnole \u00e9voque la signature d\u2019un contrat de six ans, comme le d\u00e9fenseur de Porto Eder Militao, dont l\u2019engagement est acquis depuis la mi-mars. Un bail qui devrait \u00eatre paraph\u00e9 d\u00e8s l\u2019ouverture du march\u00e9 des transferts le 11 juin prochain. Alors que l\u2019Eintracht a r\u00e9cemment lev\u00e9 l\u2019option d\u2019achat inh\u00e9rente au pr\u00eat contract\u00e9 deux ans plus t\u00f4t aupr\u00e8s du Benfica, l\u2019international serbe de 21 ans devrait rapporter quelque 48 millions d\u2019euros \u00e0 Francfort, plus 12 au club de Lisbonne, qui avait pris soin de n\u00e9gocier 20% \u00e0 la revente. \u00a0\u00a0\u00a0\u00a0<\/p>\n<p><strong>Publi\u00e9 dans :<\/strong> <span>real madrid<\/span><\/p>\n<\/div>\n<p>Auteur:<br \/>\n<a href=\"http:\/\/www.lebuteur.com\/article\/detail?titre=une-nouvelle-recrue-quasiment-bouclee-pour-le-real&#038;id=88510&#038;utm_source=feedburner&#038;utm_medium=feed&#038;utm_campaign=Feed%3A+GalerieFArtciles+%28Les+derniers+articles++-+lebuteur.com%29\">Cliquez ici pour lire l&rsquo;article depuis sa source.<\/a><\/p>\n","protected":false},"excerpt":{"rendered":"<p>Auteur : samedi 04 mai 2019 12:52 En effet, le club madril\u00e8ne aurait d\u2019ores et d\u00e9j\u00e0 boucl\u00e9 l\u2019affaire, en jetant son d\u00e9volu sur le prolifique buteur de Francfort Luka Jovic \u2013 17 r\u00e9alisations en Bundesliga cette saison, plus 9 en Ligue Europa comme l&rsquo;indique Football. La publication espagnole \u00e9voque la signature d\u2019un contrat de six [&hellip;]<\/p>\n","protected":false},"author":1738,"featured_media":32082,"comment_status":"closed","ping_status":"closed","sticky":false,"template":"","format":"standard","meta":{"fifu_image_url":"","fifu_image_alt":"","footnotes":""},"categories":[53,75],"tags":[],"class_list":["post-32081","post","type-post","status-publish","format-standard","has-post-thumbnail","hentry","category-algerie","category-sport"],"_links":{"self":[{"href":"https:\/\/linitiative.ca\/International\/wp-json\/wp\/v2\/posts\/32081","targetHints":{"allow":["GET"]}}],"collection":[{"href":"https:\/\/linitiative.ca\/International\/wp-json\/wp\/v2\/posts"}],"about":[{"href":"https:\/\/linitiative.ca\/International\/wp-json\/wp\/v2\/types\/post"}],"author":[{"embeddable":true,"href":"https:\/\/linitiative.ca\/International\/wp-json\/wp\/v2\/users\/1738"}],"replies":[{"embeddable":true,"href":"https:\/\/linitiative.ca\/International\/wp-json\/wp\/v2\/comments?post=32081"}],"version-history":[{"count":0,"href":"https:\/\/linitiative.ca\/International\/wp-json\/wp\/v2\/posts\/32081\/revisions"}],"wp:featuredmedia":[{"embeddable":true,"href":"https:\/\/linitiative.ca\/International\/wp-json\/"}],"wp:attachment":[{"href":"https:\/\/linitiative.ca\/International\/wp-json\/wp\/v2\/media?parent=32081"}],"wp:term":[{"taxonomy":"category","embeddable":true,"href":"https:\/\/linitiative.ca\/International\/wp-json\/wp\/v2\/categories?post=32081"},{"taxonomy":"post_tag","embeddable":true,"href":"https:\/\/linitiative.ca\/International\/wp-json\/wp\/v2\/tags?post=32081"}],"curies":[{"name":"wp","href":"https:\/\/api.w.org\/{rel}","templated":true}]}}