{"id":32083,"date":"2019-05-04T15:14:17","date_gmt":"2019-05-04T19:14:17","guid":{"rendered":"https:\/\/linitiative.ca\/International\/pros-bennacer-dans-lequipe-europeenne-des-u21\/"},"modified":"2019-05-04T15:14:17","modified_gmt":"2019-05-04T19:14:17","slug":"pros-bennacer-dans-lequipe-europeenne-des-u21","status":"publish","type":"post","link":"https:\/\/linitiative.ca\/International\/pros-bennacer-dans-lequipe-europeenne-des-u21\/","title":{"rendered":"Pros : Bennacer dans l\u2019\u00e9quipe Europ\u00e9enne des U21"},"content":{"rendered":"<div readability=\"32\">\n<p>Auteur : <span>Moumen A.<\/span> <span class=\"time\">samedi 04 mai 2019 16:22<\/span><\/p>\n<\/div>\n<div id=\"post_core\" readability=\"40\">\n<p>Lui aussi il marche fort en Italie, l\u2019Alg\u00e9rien Ismael Bennacer collectionne les bonnes performances\u00a0\u00a0 avec son club \u00e0 Empoli. Consid\u00e9r\u00e9 comme la r\u00e9v\u00e9lation de la S\u00e9rie A cette saison, l\u2019ancien joueur d\u2019Arsenal, fait partie des tous meilleurs joueurs dans son poste en Europe.\u00a0 C\u2019est ainsi qu\u2019il vient d\u2019\u00eatre d\u00e9sign\u00e9 dans le l\u2019\u00e9quipe type\u00a0 des moins de 21 ans. Un classement publi\u00e9 par le site Whoscored.com qui\u00a0 r\u00e9pertorie\u00a0 les meilleurs jeunes\u00a0 joueurs \u00e9voluant dans\u00a0 les 5 meilleurs\u00a0 championnats europ\u00e9ens.\u00a0\u00a0<\/p>\n<p><strong>Publi\u00e9 dans :<\/strong> <span>Belmadi<\/span> <span>Ismael Bennacer<\/span><\/p>\n<\/div>\n<p>Auteur:<br \/>\n<a href=\"http:\/\/www.lebuteur.com\/article\/detail?titre=bennacer-dans-lequipe-europeenne-des-u21&#038;id=88511&#038;utm_source=feedburner&#038;utm_medium=feed&#038;utm_campaign=Feed%3A+GalerieFArtciles+%28Les+derniers+articles++-+lebuteur.com%29\">Cliquez ici pour lire l&rsquo;article depuis sa source.<\/a><\/p>\n","protected":false},"excerpt":{"rendered":"<p>Auteur : Moumen A. samedi 04 mai 2019 16:22 Lui aussi il marche fort en Italie, l\u2019Alg\u00e9rien Ismael Bennacer collectionne les bonnes performances\u00a0\u00a0 avec son club \u00e0 Empoli. Consid\u00e9r\u00e9 comme la r\u00e9v\u00e9lation de la S\u00e9rie A cette saison, l\u2019ancien joueur d\u2019Arsenal, fait partie des tous meilleurs joueurs dans son poste en Europe.\u00a0 C\u2019est ainsi qu\u2019il [&hellip;]<\/p>\n","protected":false},"author":1738,"featured_media":32084,"comment_status":"closed","ping_status":"closed","sticky":false,"template":"","format":"standard","meta":{"fifu_image_url":"","fifu_image_alt":"","footnotes":""},"categories":[53,75],"tags":[],"class_list":["post-32083","post","type-post","status-publish","format-standard","has-post-thumbnail","hentry","category-algerie","category-sport"],"_links":{"self":[{"href":"https:\/\/linitiative.ca\/International\/wp-json\/wp\/v2\/posts\/32083","targetHints":{"allow":["GET"]}}],"collection":[{"href":"https:\/\/linitiative.ca\/International\/wp-json\/wp\/v2\/posts"}],"about":[{"href":"https:\/\/linitiative.ca\/International\/wp-json\/wp\/v2\/types\/post"}],"author":[{"embeddable":true,"href":"https:\/\/linitiative.ca\/International\/wp-json\/wp\/v2\/users\/1738"}],"replies":[{"embeddable":true,"href":"https:\/\/linitiative.ca\/International\/wp-json\/wp\/v2\/comments?post=32083"}],"version-history":[{"count":0,"href":"https:\/\/linitiative.ca\/International\/wp-json\/wp\/v2\/posts\/32083\/revisions"}],"wp:featuredmedia":[{"embeddable":true,"href":"https:\/\/linitiative.ca\/International\/wp-json\/"}],"wp:attachment":[{"href":"https:\/\/linitiative.ca\/International\/wp-json\/wp\/v2\/media?parent=32083"}],"wp:term":[{"taxonomy":"category","embeddable":true,"href":"https:\/\/linitiative.ca\/International\/wp-json\/wp\/v2\/categories?post=32083"},{"taxonomy":"post_tag","embeddable":true,"href":"https:\/\/linitiative.ca\/International\/wp-json\/wp\/v2\/tags?post=32083"}],"curies":[{"name":"wp","href":"https:\/\/api.w.org\/{rel}","templated":true}]}}