{"id":32085,"date":"2019-05-04T15:14:17","date_gmt":"2019-05-04T19:14:17","guid":{"rendered":"https:\/\/linitiative.ca\/International\/ligue-1-2-mca-casoni-fait-son-retour-au-mouloudia-officiel\/"},"modified":"2019-05-04T15:14:17","modified_gmt":"2019-05-04T19:14:17","slug":"ligue-1-2-mca-casoni-fait-son-retour-au-mouloudia-officiel","status":"publish","type":"post","link":"https:\/\/linitiative.ca\/International\/ligue-1-2-mca-casoni-fait-son-retour-au-mouloudia-officiel\/","title":{"rendered":"Ligue 1 &amp; 2 : MCA: Casoni fait son retour au Mouloudia (officiel)"},"content":{"rendered":"<div readability=\"32\">\n<p>Auteur : <span class=\"time\">samedi 04 mai 2019 18:44<\/span><\/p>\n<\/div>\n<div id=\"post_core\" readability=\"39\">\n<p>Moins d&rsquo;un an apr\u00e8s son d\u00e9part du club, Bernard Casoni s&rsquo;appr\u00eate \u00e0 faire son retour au Mouloudia d&rsquo;Alger. Libre, le technicien (57 ans), qui avait quitt\u00e9 son poste en septembre dernier en accord avec ses dirigeants, s&rsquo;est laiss\u00e9 convaincre de tenter \u00e0 nouveau l&rsquo;exp\u00e9rience. L&rsquo;ancien d\u00e9fenseur de l\u2019OM a sign\u00e9 un contrat d&rsquo;un an et prendra ses nouvelles fonctions en d\u00e9but de saison prochaine.<\/p>\n<p><strong>Publi\u00e9 dans :<\/strong> <span>Casoni<\/span><\/p>\n<\/div>\n<p>Auteur:<br \/>\n<a href=\"http:\/\/www.lebuteur.com\/article\/detail?titre=mca-casoni-fait-son-retour-au-mouloudia-officiel&#038;id=88512&#038;utm_source=feedburner&#038;utm_medium=feed&#038;utm_campaign=Feed%3A+GalerieFArtciles+%28Les+derniers+articles++-+lebuteur.com%29\">Cliquez ici pour lire l&rsquo;article depuis sa source.<\/a><\/p>\n","protected":false},"excerpt":{"rendered":"<p>Auteur : samedi 04 mai 2019 18:44 Moins d&rsquo;un an apr\u00e8s son d\u00e9part du club, Bernard Casoni s&rsquo;appr\u00eate \u00e0 faire son retour au Mouloudia d&rsquo;Alger. Libre, le technicien (57 ans), qui avait quitt\u00e9 son poste en septembre dernier en accord avec ses dirigeants, s&rsquo;est laiss\u00e9 convaincre de tenter \u00e0 nouveau l&rsquo;exp\u00e9rience. L&rsquo;ancien d\u00e9fenseur de l\u2019OM [&hellip;]<\/p>\n","protected":false},"author":1738,"featured_media":32086,"comment_status":"closed","ping_status":"closed","sticky":false,"template":"","format":"standard","meta":{"fifu_image_url":"","fifu_image_alt":"","footnotes":""},"categories":[53,75],"tags":[],"class_list":["post-32085","post","type-post","status-publish","format-standard","has-post-thumbnail","hentry","category-algerie","category-sport"],"_links":{"self":[{"href":"https:\/\/linitiative.ca\/International\/wp-json\/wp\/v2\/posts\/32085","targetHints":{"allow":["GET"]}}],"collection":[{"href":"https:\/\/linitiative.ca\/International\/wp-json\/wp\/v2\/posts"}],"about":[{"href":"https:\/\/linitiative.ca\/International\/wp-json\/wp\/v2\/types\/post"}],"author":[{"embeddable":true,"href":"https:\/\/linitiative.ca\/International\/wp-json\/wp\/v2\/users\/1738"}],"replies":[{"embeddable":true,"href":"https:\/\/linitiative.ca\/International\/wp-json\/wp\/v2\/comments?post=32085"}],"version-history":[{"count":0,"href":"https:\/\/linitiative.ca\/International\/wp-json\/wp\/v2\/posts\/32085\/revisions"}],"wp:featuredmedia":[{"embeddable":true,"href":"https:\/\/linitiative.ca\/International\/wp-json\/"}],"wp:attachment":[{"href":"https:\/\/linitiative.ca\/International\/wp-json\/wp\/v2\/media?parent=32085"}],"wp:term":[{"taxonomy":"category","embeddable":true,"href":"https:\/\/linitiative.ca\/International\/wp-json\/wp\/v2\/categories?post=32085"},{"taxonomy":"post_tag","embeddable":true,"href":"https:\/\/linitiative.ca\/International\/wp-json\/wp\/v2\/tags?post=32085"}],"curies":[{"name":"wp","href":"https:\/\/api.w.org\/{rel}","templated":true}]}}