{"id":32087,"date":"2019-05-03T19:00:00","date_gmt":"2019-05-03T23:00:00","guid":{"rendered":"https:\/\/linitiative.ca\/International\/mouvement-populaire-a-travers-le-pays\/"},"modified":"2019-05-03T19:00:00","modified_gmt":"2019-05-03T23:00:00","slug":"mouvement-populaire-a-travers-le-pays","status":"publish","type":"post","link":"https:\/\/linitiative.ca\/International\/mouvement-populaire-a-travers-le-pays\/","title":{"rendered":"MOUVEMENT POPULAIRE \u00e0 travers le pays"},"content":{"rendered":"<p><strong>Mascara\u00a0<\/strong><\/p>\n<p><strong>Construire un \u00e9tat moderne<\/strong><\/p>\n<p>Pour le 11e vendredi de suite, des centaines de milliers de citoyens ont manifest\u00e9 dans le calme \u00e0 Mascara, pour revendiquer le changement du syst\u00e8me et la transition politique.\u2008Des mar\u00e9es humaines venues de toutes les localit\u00e9s de la r\u00e9gion de B\u00e9ni Chougrane se sont regroup\u00e9es, apr\u00e8s la pri\u00e8re du vendredi, dans les principales art\u00e8res du centre-ville et de la place publique \u00c9mir-Abdelkader, brandissant le drapeau national et des pancartes o\u00f9 l\u2019on pouvait lire des slogans hostiles au pouvoir et appelant \u00e0 son d\u00e9part.\u00a0\u00a0<\/p>\n<div readability=\"34.5\">\n<p>Les manifestants ont scand\u00e9 des slogans anti-pouvoir, les \u00abSilmiya, silmiya\u00bb ou encore \u00abDjeich, cha\u00e2b, khawa khawa\u00bb des refrains qui reviennent chaque vendredi dans ces marches qui ne sont pas pr\u00eates de faiblir. Drap\u00e9s, pour beaucoup d\u2019entre eux, de l\u2019embl\u00e8me national et des \u00e9charpes aux couleurs alg\u00e9riennes, hommes et femmes, jeunes et moins jeunes ont march\u00e9 sous une pluie fine. Une autre journ\u00e9e de mobilisation des citoyens qui ont manifest\u00e9 pour revendiquer des r\u00e9formes politiques. Une marche populaire ouverte \u00e0 toutes les couches sociales sans aucune tutelle, sans aucune r\u00e9cup\u00e9ration politique, sans aucune manipulation, seule la voix du peuple a longuement r\u00e9sonn\u00e9 dans la cit\u00e9 de l\u2019Emir. C\u2019est d\u00e9sormais une tradition tous les vendredis, l\u2019apr\u00e8s-midi, chaque citoyen \u0153uvre dans le sens de la construction d\u2019un Etat moderne. Ils \u00e9taient des dizaines \u00e0 brandir des banderoles d\u00e9clarant leur soutien \u00e0 l\u2019ANP, contre \u201cle d\u00e9ni de droit, de n\u00e9gation des libert\u00e9s et de violations des textes de la R\u00e9publique. Le mouvement de la protestation ne faiblit pas dans la capitale de l\u2019Emir et joindre leurs voix \u00e0 celle du peuple qui demande le d\u00e9part du syst\u00e8me en place. Les marcheurs, parmi lesquels de jeunes \u00e9tudiants, militants actifs du mouvement associatif, des ch\u00f4meurs brandissaient des banderoles sur lesquelles on pouvait lire dans plusieurs langues diff\u00e9rentes leurs aspirations l\u00e9gitimes pour une Alg\u00e9rie libre et prosp\u00e8re, une et unie. Cette action de protestation qui voit chaque week-end la participation de toutes les couches sociales pour revendiquer haut et fort les droits fondamentaux durant ce mouvement de protestation pacifique. La marche qui se veut un message fort, pour \u00abr\u00e9it\u00e9rer l\u2019appui et le soutien aux revendications l\u00e9gitimes port\u00e9es par la voix du peuple alg\u00e9rien pour la concr\u00e9tisation des aspirations du peuple et de la jeunesse alg\u00e9rienne pour un Etat souverain, libre et d\u00e9mocratique\u00bb, nous indique en ch\u0153ur et \u00e0 l\u2019unisson ces jeunes b\u00e9n\u00e9voles de la mobilisation citoyenne de tous les vendredis depuis le 22 f\u00e9vrier, un message fort en enseignements qui se passe de tout commentaire.<\/p>\n<p><strong>A. Ghomchi<\/strong><\/p>\n<div readability=\"22.5\">\n<p><strong>B\u00e9JA\u00efA\u00a0<\/strong><\/p>\n<p><strong>Le peuple, source du pouvoir<\/strong><\/p>\n<div readability=\"34\">\n<p>C\u2019est toujours avec une grande d\u00e9termination et une mobilisation sans faille que la onzi\u00e8me marche populaire pacifique r\u00e9clamant le d\u00e9part du syst\u00e8me en place a drain\u00e9 hier une foule grandiose au chef-lieu de la wilaya de Bejaia en scandant \u00abUlach smah ulach &#8211; Ulach l\u2019vote ulach \u00bb (Pas de pardon &#8211; Pas de vote), \u00abAssa azaka mouvement yella yella \u00bb (Aujourd\u2019hui et demain, le mouvement existera) \u00abSyst\u00e8me d\u00e9gage \u2013 FLN d\u00e9gage\u00bb.\u00a0<\/p>\n<p>Les milliers de manifestants qui brandissaient des pancartes et banderoles au milieu du drapeau national ont longuement d\u00e9nonc\u00e9 l\u2019ent\u00eatement et la sourde oreille des responsables en place qui dirigent le pays sans prendre en compte les revendications du mouvement populaire cr\u00e9\u00e9 depuis la premi\u00e8re marche du 22 f\u00e9vrier pour que le peuple soit la source du pouvoir. Toutes les couches sociales \u00e9taient pr\u00e9sentes hier lors cette onzi\u00e8me marche en parcourant coude-\u00e0-coude le traditionnel itin\u00e9raire du vendredi de l\u2019union et de la solidarit\u00e9, voulant ainsi montr\u00e9 une fois de plus que le changement se fera par le peuple et que la corruption, le favoritisme et l\u2019oligarchie doivent dispara\u00eetre \u00e0 jamais du pays, une exigence incontournable qui d\u00e9montre que les manifestations ne se sont pas estomp\u00e9es, les Alg\u00e9riens maintenant leurs revendications d\u2019une vraie transition qui d\u00e9bouchera sur le d\u00e9part de tout le syst\u00e8me. Ainsi le mouvement populaire pacifique qui s\u2019est ancr\u00e9 dans la vie quotidienne des citoyens depuis sa naissance lors de la premi\u00e8re marche de Kherrata du 16 f\u00e9vrier dernier qui r\u00e9clamait l\u2019annulation du 5e mandat du pr\u00e9sident de la R\u00e9publique d\u00e9missionnaire, est plus que jamais d\u00e9termin\u00e9 \u00e0 se mobiliser jusqu\u2019au d\u00e9part d\u00e9finitif du syst\u00e8me qui semble vouloir perdurer en contournant les vrais revendications du peuple.\u00a0<\/p>\n<p>Criant haut et fort \u00abAnedou Anedou hacha mayaghli wadhou\u00a0 (Nous marcherons jusqu\u2019\u00e0 ce que le syst\u00e8me tombe), plusieurs associations, syndicats de diff\u00e9rents secteurs, \u00e9tudiants, mouvements citoyens se sont joints \u00e0 la foule dont plusieurs manifestants sont arriv\u00e9s d\u00e8s la matin\u00e9e des diff\u00e9rents villages et communes de la wilaya de Bejaia.\u00a0 C\u2019est plus de deux mois et demi que la rue gronde avec toutes ces manifestations quotidiennes et hebdomadaires, et le syst\u00e8me est en place ainsi que certaines personnalit\u00e9s de formations politiques et de l\u2019opposition voient la situation favorable pour s\u2019imposer en interlocuteur en accaparant la mobilisation populaire et en se cr\u00e9ant une l\u00e9gitimit\u00e9, mais le mouvement populaire a d\u00e9j\u00e0 prit les devant \u00abPas d\u2019interlocuteur, le peuple seul source du pouvoir\u00bb.<\/p>\n<p>M. Laouer<\/p>\n<div readability=\"20.5\">\n<p><strong>Tizi Ouzou\u00a0<\/strong><\/p>\n<p><strong>Libert\u00e9 et justice<\/strong><\/p>\n<div readability=\"44.5\">\n<p>La mobilisation citoyenne pour le changement radical du syst\u00e8me politique en Alg\u00e9rie est rest\u00e9e toujours intacte \u00e0 Tizi-Ouzou o\u00f9 une d\u00e9ferlante humaine s\u2019est donn\u00e9e rendez-vous, hier, acte XI de la dynamique populaire du 22 f\u00e9vrier, dans la ville des Gen\u00eats pour rappeler avec d\u00e9termination leur engagement \u00e0 poursuivre le combat pour lib\u00e9rer l\u2019Alg\u00e9rie de l\u2019ancien r\u00e9gime et construire un nouveau Etat de droit, des libert\u00e9s et de la justice ind\u00e9pendante. Lors de cette grandiose marche, tous les tenants du syst\u00e8me politique en place ont \u00e9t\u00e9 la cible de la col\u00e8re des manifestants et contre leur refus de satisfaire toutes les revendications exprim\u00e9es par des millions d\u2019Alg\u00e9riens durant les marches organis\u00e9es depuis le d\u00e9but de la dynamique populaire du 22 f\u00e9vrier. Des slogans hostiles ont \u00e9t\u00e9 scand\u00e9s contre le gouvernement tout au long de cette marche \u00e0 laquelle ont pris part diff\u00e9rentes couches de la soci\u00e9t\u00e9 et diverses organisations professionnelles et syndicales, notamment les avocats, les journalistes, les \u00e9tudiants\u2026 Les veuves et filles de chahids \u00e9taient \u00e9galement parmi les participants \u00e0 cette marche pour le changement. Brandissant une banderole sur laquelle \u00e9tait \u00e9crit \u00abSyst\u00e8me d\u00e9gage, Assembl\u00e9e constituante souveraine\u00bb et le drapeau national, ces femmes dignes h\u00e9riti\u00e8res de nos valeureux martyrs tomb\u00e9s au champ d\u2019honneur pour lib\u00e9rer l\u2019Alg\u00e9rie du joug de la colonisation fran\u00e7aise entonnaient tout au long de cette manifestation des chants patriotiques en hommage \u00e0 leurs glorieux maris et p\u00e8res lib\u00e9rateurs.<\/p>\n<p>D\u2019autres personnes constitu\u00e9es dans un carr\u00e9 chantaient quant \u00e0 eux des chansons patriotiques de Matoub Loun\u00e8s et Ali Ideflawen entrecoup\u00e9es par des slogans hostiles aux tenants du syst\u00e8me, entres autres \u00abSyst\u00e8me d\u00e9gage\u00bb, \u00abY en a marre de ce pouvoir\u00bb, \u00abDjazair Horra Dimocratia\u00bb, \u00abKlitou Lebled Ya Saraquine\u00bb. La procession humaine s\u2019est \u00e9branl\u00e9e \u00e0 partir du portail principal du campus universitaire Hasnaoua pour sillonner les principales art\u00e8res de la ville des Gen\u00eats et se disperser comme d\u2019habitude devant le M\u00e9morial des martyrs de la wilaya de Tizi-Ouzou sis \u00e0 la placette de l\u2019Olivier, entr\u00e9e ouest de la ville. Les marcheurs ont observ\u00e9 un silence radio en arrivant \u00e0 hauteur du Chu Nedir Mohamed pour ne pas d\u00e9ranger les malades s\u2019y trouvant. Encore une fois, la marche s\u2019est d\u00e9roul\u00e9e dans une parfaite ambiance fraternelle et de d\u00e9termination \u00e0 faire aboutir pacifiquement toutes les revendications du peuple alg\u00e9rien qui aspire \u00e0 vivre dignement dans la nouvelle R\u00e9publique en cours de constitution. Par ailleurs, les journalistes, correspondants et assimil\u00e9s de presse exer\u00e7ant \u00e0 Tizi-Ouzou ont observ\u00e9 hier au niveau du M\u00e9morial des journalistes assassin\u00e9s durant la d\u00e9cennie noir du terrorisme un rassemblement et recueillement \u00e0 la m\u00e9moire de ces derniers. Apr\u00e8s l\u2019observance d\u2019une minute de silence et le d\u00e9p\u00f4t d\u2019une gerbe de fleurs en hommage \u00e0 leurs a\u00een\u00e9s qui se sont sacrifi\u00e9s pour que l\u2019Alg\u00e9rie n\u2019abdique pas devant les terroristes, les dizaines de professionnels de la presse auxquels se sont joints plusieurs autres repr\u00e9sentants de diff\u00e9rentes corporations professionnelles ont improvis\u00e9 une marche \u00e0 partir de ce M\u00e9morial jusqu\u2019\u00e0 la st\u00e8le du journaliste assassin\u00e9 Tahar Djaout sise au jardin se trouvant en face du tribunal de la ville. \u00abLib\u00e9rez la presse\u00bb, \u00abHalte au harc\u00e8lement des journalistes\u00bb et \u00abPour le respect de la voix du peuple\u00bb, tels \u00e9taient les slogans scand\u00e9s par les professionnels des m\u00e9dias lors de cette marche organis\u00e9e \u00e0 l\u2019occasion de la journ\u00e9e internationale de la Libert\u00e9 d\u2019expression par l\u2019association des journalistes et correspondants de la wilaya de Tizi-Ouzou (AJCTO).<\/p>\n<p>Bel. Adrar<\/p>\n<div readability=\"22\">\n<p><strong>SIDI BEL-ABB\u00e8S\u00a0<\/strong><\/p>\n<p><strong>Pr\u00e9server les int\u00e9r\u00eats de la collectivit\u00e9<\/strong><\/p>\n<p>\u00abPour des r\u00e9formes profondes\u00bb\u2026 le slogan est repris en ch\u0153ur par des centaines de manifestants qui ont r\u00e9pondu encore une fois \u00e0 l\u2019appel pour participer \u00e0 la marche populaire dans son acte 11. Le m\u00eame itin\u00e9raire a \u00e9t\u00e9 emprunt\u00e9 en fait comme pour se conformer aux r\u00e8gles de l\u2019organisation mise en place depuis des semaines. Place du 1er Novembre, pour le rassemblement, avant de sillonner ensuite les art\u00e8res et avenues de la ville, l\u2019\u00e9lan reste soutenu de cette population dans son \u00e9crasante majorit\u00e9 du moins pour appuyer les revendications formul\u00e9es et exprimer sa solidarit\u00e9 nationale. \u00abC\u2019est une lutte continu jusqu\u2019\u00e0 la prise en charge de nos aspirations aux effets certains sur la promotion du pays et son \u00e9panouissement\u00bb, d\u00e9clare le jeune Tewfik qui insiste toutefois sur le caract\u00e8re pacifique de cette manifestation et rel\u00e8ve la n\u00e9cessit\u00e9 de pr\u00e9server les int\u00e9r\u00eats de la collectivit\u00e9. Un tel sentiment est \u00e0 vrai dire partag\u00e9 par le commun des participants qui semblent d\u00e9termin\u00e9s \u00e0 faire valoir leurs revendications.<\/p>\n<p>De la d\u00e9termination et de l\u2019engouement pour cette marche donc, les vendredis se suivent et se ressemblent pour ces citoyens qui se sont familiaris\u00e9s avec un d\u00e9cor pour se laisser aller dans son animation et ses couleurs et manifester perp\u00e9tuellement leurs choix. Un pli a \u00e9t\u00e9 instaur\u00e9 m\u00eame si l\u2019id\u00e9e du dialogue fait son chemin au sein de quelques milieux avertis et conscients de la port\u00e9e de cette valeur universelle de nature \u00e0 aboutir \u00e0 un consensus national pour la stabilit\u00e9 du pays. Des voix d\u00e9j\u00e0 s\u2019\u00e9l\u00e8vent \u00e7\u00e0 et l\u00e0 pour faire entendre cette option.<\/p>\n<p>A. B.<\/p>\n<\/div>\n<\/div>\n<\/div>\n<\/div>\n<\/div>\n<\/div>\n<p>Auteur: elmoudjahid<br \/>\n<a href=\"http:\/\/www.elmoudjahid.com\/fr\/actualites\/136528\">Cliquez ici pour lire l&rsquo;article depuis sa source.<\/a><\/p>\n","protected":false},"excerpt":{"rendered":"<p>Mascara\u00a0 Construire un \u00e9tat moderne Pour le 11e vendredi de suite, des centaines de milliers de citoyens ont manifest\u00e9 dans le calme \u00e0 Mascara, pour revendiquer le changement du syst\u00e8me et la transition politique.\u2008Des mar\u00e9es humaines venues de toutes les localit\u00e9s de la r\u00e9gion de B\u00e9ni Chougrane se sont regroup\u00e9es, apr\u00e8s la pri\u00e8re du vendredi, [&hellip;]<\/p>\n","protected":false},"author":1744,"featured_media":0,"comment_status":"closed","ping_status":"closed","sticky":false,"template":"","format":"standard","meta":{"fifu_image_url":"","fifu_image_alt":"","footnotes":""},"categories":[73,53],"tags":[],"class_list":["post-32087","post","type-post","status-publish","format-standard","hentry","category-actualite","category-algerie"],"_links":{"self":[{"href":"https:\/\/linitiative.ca\/International\/wp-json\/wp\/v2\/posts\/32087","targetHints":{"allow":["GET"]}}],"collection":[{"href":"https:\/\/linitiative.ca\/International\/wp-json\/wp\/v2\/posts"}],"about":[{"href":"https:\/\/linitiative.ca\/International\/wp-json\/wp\/v2\/types\/post"}],"author":[{"embeddable":true,"href":"https:\/\/linitiative.ca\/International\/wp-json\/wp\/v2\/users\/1744"}],"replies":[{"embeddable":true,"href":"https:\/\/linitiative.ca\/International\/wp-json\/wp\/v2\/comments?post=32087"}],"version-history":[{"count":0,"href":"https:\/\/linitiative.ca\/International\/wp-json\/wp\/v2\/posts\/32087\/revisions"}],"wp:attachment":[{"href":"https:\/\/linitiative.ca\/International\/wp-json\/wp\/v2\/media?parent=32087"}],"wp:term":[{"taxonomy":"category","embeddable":true,"href":"https:\/\/linitiative.ca\/International\/wp-json\/wp\/v2\/categories?post=32087"},{"taxonomy":"post_tag","embeddable":true,"href":"https:\/\/linitiative.ca\/International\/wp-json\/wp\/v2\/tags?post=32087"}],"curies":[{"name":"wp","href":"https:\/\/api.w.org\/{rel}","templated":true}]}}