{"id":32088,"date":"2019-05-03T19:00:00","date_gmt":"2019-05-03T23:00:00","guid":{"rendered":"https:\/\/linitiative.ca\/International\/preparatifs-du-ramadhan-repondre-aux-besoins-exprimes-par-les-citoyens\/"},"modified":"2019-05-03T19:00:00","modified_gmt":"2019-05-03T23:00:00","slug":"preparatifs-du-ramadhan-repondre-aux-besoins-exprimes-par-les-citoyens","status":"publish","type":"post","link":"https:\/\/linitiative.ca\/International\/preparatifs-du-ramadhan-repondre-aux-besoins-exprimes-par-les-citoyens\/","title":{"rendered":"Preparatifs du ramadhan  : R\u00e9pondre aux besoins exprim\u00e9s par les citoyens"},"content":{"rendered":"<p>Le chef de l\u2019Etat, Abdelkader Bensalah, a re\u00e7u, jeudi dernier, les ministres des Affaires religieuses et des Wakfs, Youcef Belmehdi, et du Commerce, Sa\u00efd Djellab, \u00e0 la veille du mois de Ramadhan, indique un communiqu\u00e9 de la pr\u00e9sidence de la R\u00e9publique.\u00a0<\/p>\n<p>Le ministre des Affaires religieuses et des Wakfs a abord\u00e9 l\u2019organisation de la 16e \u00e9dition du Prix international du Saint Coran, en pr\u00e9sence de participants de 50 pays, le concours national encourageant les jeunes apprenants du Saint Coran, les festivit\u00e9s\u00a0<\/p>\n<p>officielles de Le\u00eflat El Qadr durant laquelle seront prim\u00e9s les laur\u00e9ats dudit concours et des personnalit\u00e9s notoirement connues pour leur attachement au Livre saint, ainsi que l\u2019organisation de concours coraniques nationaux pour toutes les tranches d\u2019\u00e2ge \u00e0 travers le territoire national.\u00a0<\/p>\n<p>Le chef de l\u2019Etat \u00aba instruit le ministre de veiller \u00e0 la bonne organisation des activit\u00e9s religieuses telles que programm\u00e9es en cette occasion par son d\u00e9partement minist\u00e9riel\u00bb.\u00a0<\/p>\n<p>Pour sa part, le ministre du Commerce a pr\u00e9sent\u00e9 un expos\u00e9 sur les dispositions prises par son d\u00e9partement dans le cadre des pr\u00e9paratifs devant permettre de r\u00e9pondre, au mieux, aux besoins exprim\u00e9s par les citoyens, notamment en mati\u00e8re d\u2019approvisionnement r\u00e9gulier du march\u00e9 en produits alimentaires de base et d\u2019intensification des op\u00e9rations de contr\u00f4le, \u00e0 travers un dispositif op\u00e9rationnel comprenant, notamment, l\u2019\u00e9tablissement de prix r\u00e9f\u00e9rentiels quant \u00e0 certains produits de large consommation destin\u00e9 \u00e0 lutter contre la concurrence d\u00e9loyale, le renforcement du r\u00e9seau de distribution des structures commerciales, la r\u00e9habilitation de plusieurs march\u00e9s couverts de proximit\u00e9 de fruits et l\u00e9gumes non exploit\u00e9s, la r\u00e9alisation d\u2019un certain nombre de march\u00e9s commerciaux, dont le nombre passe de 866 \u00e0 1.567, op\u00e9ration qui profitera, en priorit\u00e9 \u00e0 13.000 jeunes.\u00a0<\/p>\n<p>\u00abParall\u00e8lement \u00e0 ces mesures, il est envisag\u00e9 la mise en \u0153uvre de nouvelles actions de contr\u00f4le pour contrer la concurrence d\u00e9loyale \u00e0 l\u2019effet de pr\u00e9server le pouvoir d\u2019achat du citoyen\u00bb, souligne la m\u00eame source. Le chef de l\u2019Etat a instruit le ministre du Commerce \u00abde veiller \u00e0 l\u2019application diligente et rigoureuse de toutes les mesures n\u00e9cessaires pour assurer un suivi quotidien de la situation du march\u00e9 tout au long du mois de Ramadhan\u00bb, conclut la Pr\u00e9sidence de la R\u00e9publique.\u00a0<\/p>\n<p>Auteur: elmoudjahid<br \/>\n<a href=\"http:\/\/www.elmoudjahid.com\/fr\/actualites\/136529\">Cliquez ici pour lire l&rsquo;article depuis sa source.<\/a><\/p>\n","protected":false},"excerpt":{"rendered":"<p>Le chef de l\u2019Etat, Abdelkader Bensalah, a re\u00e7u, jeudi dernier, les ministres des Affaires religieuses et des Wakfs, Youcef Belmehdi, et du Commerce, Sa\u00efd Djellab, \u00e0 la veille du mois de Ramadhan, indique un communiqu\u00e9 de la pr\u00e9sidence de la R\u00e9publique.\u00a0 Le ministre des Affaires religieuses et des Wakfs a abord\u00e9 l\u2019organisation de la 16e [&hellip;]<\/p>\n","protected":false},"author":1744,"featured_media":0,"comment_status":"closed","ping_status":"closed","sticky":false,"template":"","format":"standard","meta":{"fifu_image_url":"","fifu_image_alt":"","footnotes":""},"categories":[73,53],"tags":[],"class_list":["post-32088","post","type-post","status-publish","format-standard","hentry","category-actualite","category-algerie"],"_links":{"self":[{"href":"https:\/\/linitiative.ca\/International\/wp-json\/wp\/v2\/posts\/32088","targetHints":{"allow":["GET"]}}],"collection":[{"href":"https:\/\/linitiative.ca\/International\/wp-json\/wp\/v2\/posts"}],"about":[{"href":"https:\/\/linitiative.ca\/International\/wp-json\/wp\/v2\/types\/post"}],"author":[{"embeddable":true,"href":"https:\/\/linitiative.ca\/International\/wp-json\/wp\/v2\/users\/1744"}],"replies":[{"embeddable":true,"href":"https:\/\/linitiative.ca\/International\/wp-json\/wp\/v2\/comments?post=32088"}],"version-history":[{"count":0,"href":"https:\/\/linitiative.ca\/International\/wp-json\/wp\/v2\/posts\/32088\/revisions"}],"wp:attachment":[{"href":"https:\/\/linitiative.ca\/International\/wp-json\/wp\/v2\/media?parent=32088"}],"wp:term":[{"taxonomy":"category","embeddable":true,"href":"https:\/\/linitiative.ca\/International\/wp-json\/wp\/v2\/categories?post=32088"},{"taxonomy":"post_tag","embeddable":true,"href":"https:\/\/linitiative.ca\/International\/wp-json\/wp\/v2\/tags?post=32088"}],"curies":[{"name":"wp","href":"https:\/\/api.w.org\/{rel}","templated":true}]}}