{"id":32090,"date":"2019-05-03T19:00:00","date_gmt":"2019-05-03T23:00:00","guid":{"rendered":"https:\/\/linitiative.ca\/International\/mouvement-populaire-a-travers-le-pays-2\/"},"modified":"2019-05-03T19:00:00","modified_gmt":"2019-05-03T23:00:00","slug":"mouvement-populaire-a-travers-le-pays-2","status":"publish","type":"post","link":"https:\/\/linitiative.ca\/International\/mouvement-populaire-a-travers-le-pays-2\/","title":{"rendered":"MOUVEMENT POPULAIRE \u00e0 TRAVERS LE PAYS"},"content":{"rendered":"<p>Des citoyens sont sortis dans les rues dans plusieurs r\u00e9gions du pays, pour le 11e vendredi, pour manifester pacifiquement et demander le d\u00e9part des figures du syst\u00e8me, notamment celles impliqu\u00e9es dans des affaires de corruption, a-t-on constat\u00e9.<\/p>\n<p>Des milliers de manifestants ont march\u00e9 pacifiquement dans les villes de l&rsquo;Est, r\u00e9it\u00e9rant leur appel en faveur d\u2019un \u00abchangement radical du syst\u00e8me\u00bb et du \u00abd\u00e9part de tous ses symboles\u00bb. A Constantine, en d\u00e9pit d\u2019une l\u00e9g\u00e8re baisse du nombre des manifestants, comparativement aux rassemblements pr\u00e9c\u00e9dents, des centaines de manifestants sont descendus dans la rue, agitant le drapeau national et r\u00e9clamant en scandant \u00abAlg\u00e9rie libre et d\u00e9mocratique\u00bb, tout en exprimant leur attachement \u00e0 la pr\u00e9servation de l\u2019unit\u00e9 nationale. Les manifestants ont march\u00e9 dans les art\u00e8res principales telles Belouizdad et Abane-Ramdane, avant de se rassembler devant le Palais de la culture Mohamed-Laid-Al Khalifa, demandant le jugement de ceux qu&rsquo;ils ont qualifi\u00e9s de \u00abgang\u00bb (Issaba) et qui ont dilapid\u00e9 des deniers publics. A Batna, des centaines de manifestants ont \u00e9galement d\u00e9fil\u00e9 tout au long de la rue de Biskra, en passant par la Maison de la culture pour se rendre \u00e0 la place de la Libert\u00e9 en entonnant des chants patriotiques et en scandant des slogans appelant \u00e0 la protection de la Nation, notamment \u00abAhmiw bledna men el adiene\u00bb (Prot\u00e9gez notre pays des ennemis) et \u00abKhawa Khawa manach adaoua\u00bb (Nous sommes des fr\u00e8res, pas des ennemis). Rassembl\u00e9s au centre du Cours de la R\u00e9volution d&rsquo;Annaba, les manifestants ont condamn\u00e9 ce qu&rsquo;ils ont qualifi\u00e9 de \u00abtentatives de contourner les revendications du peuple\u00bb. Dans ce m\u00eame contexte, ils ont \u00e9mis des propositions pour sortir de la crise v\u00e9cue par le pays, notamment \u00e0 travers une banderole immense \u00e9non\u00e7ant que \u00abla solution du peuple est : une d\u00e9claration constitutionnelle, un conseil pr\u00e9sidentiel, un gouvernement de transition et un organe national ind\u00e9pendant charg\u00e9 d&rsquo;organiser des \u00e9lections\u00bb. M\u00eames sc\u00e8nes \u00e0 Oum El-Bouaghi, Mila, Souk Ahras et Skikda o\u00f9 des manifestants ont rejet\u00e9 \u00abla tenue de l&rsquo;\u00e9lection pr\u00e9sidentielle en pr\u00e9sence des symboles du r\u00e9gime\u00bb. Des marches similaires ont \u00e9t\u00e9 organis\u00e9es \u00e0 Bordj Bou Arr\u00e9ridj, T\u00e9bessa, Biskra, M\u2019sila, El Tarf, S\u00e9tif et Khenchela, o\u00f9 des manifestants ont propos\u00e9 des noms de personnalit\u00e9s nationales pour conduire la p\u00e9riode de transition. Au centre du pays, des milliers de citoyens ont particip\u00e9 aux marches pour r\u00e9affirmer leur mobilisation contre le syst\u00e8me dont ils exigent le d\u00e9part et pour demander le \u00abrespect de la volont\u00e9 du peuple\u00bb. Dans les wilayas de Blida, Chlef, Djelfa, M\u00e9d\u00e9a, Tipasa et A\u00efn-Defla, les citoyens, qui ont sillonn\u00e9 les art\u00e8res principales de ces villes, ont demand\u00e9 l\u2019application des articles 7 et 8 de la Constitution qui stipulent que \u00able peuple est la source de tout pouvoir\u00bb et que \u00able pouvoir constituant appartient au peuple\u00bb. Ils ont \u00e9galement r\u00e9clam\u00e9 la lutte contre la corruption dans tous les secteurs, y compris dans la presse. A Tizi-Ouzou, B\u00e9jaia et Bouira, les manifestants ont r\u00e9it\u00e9r\u00e9 leurs revendications pour \u00able changement du syst\u00e8me de gouvernance actuel et le d\u00e9part de tous ses repr\u00e9sentants\u00bb et \u00abune justice ind\u00e9pendante\u00bb. Ils ont r\u00e9affirm\u00e9 leur exigence d\u2019une \u00absolution politique\u00bb \u00e0 la crise actuelle, en privil\u00e9giant, notamment, l\u2019option d\u2019une \u00abp\u00e9riode de transition et sa gestion par des figures consensuelles comp\u00e9tentes qui n&rsquo;ont pas d\u00e9j\u00e0 particip\u00e9 \u00e0 la gestion des affaires du pays\u00bb. Co\u00efncidant avec la c\u00e9l\u00e9bration de la Journ\u00e9e mondiale de la libert\u00e9 de la presse, des journalistes ont observ\u00e9 des rassemblements dans la wilaya de Tizi-Ouzou pour demander une \u00abplus large libert\u00e9 d\u2019expression\u00bb. A l&rsquo;Ouest, les manifestants ont affirm\u00e9 l\u2019attachement des citoyens aux revendications et aux objectifs du \u00abHirak\u00bb qui a vu le jour le 22 f\u00e9vrier dernier. A Oran, des centaines de manifestants ont march\u00e9 pour r\u00e9affirmer l\u2019imp\u00e9ratif du changement \u00abradical\u00bb du pouvoir, la consolidation des libert\u00e9s et le renforcement de la d\u00e9mocratie. Les manifestants ont march\u00e9 sur le boulevard Larbi-Ben-M\u2019hidi vers la place pr\u00e8s du si\u00e8ge de la wilaya et ont insist\u00e9 sur le d\u00e9part de tous les symboles du pouvoir, tout en exprimant leur appui \u00e0 l\u2019Arm\u00e9e nationale populaire. A Mostaganem, Tissemsilt, Saida, Ain T\u00e9mouchent, Tlemcen, Sidi Bel-Abbes, Tiaret, Na\u00e2ma, El-Bayadh et Relizane, les manifestants ont demand\u00e9 l\u2019application \u00abimm\u00e9diate\u00bb des revendications populaires, \u00e0 savoir le d\u00e9part de tous les symboles du r\u00e9gime et la rigueur dans le traitement des affaires de corruption. Au Sud aussi, les citoyens sont redescendus dans la rue afin de relancer leur appel \u00e0 un changement politique \u00abprofond\u00bb et au d\u00e9part des figures de proue du syst\u00e8me. La plupart des manifestants sont sortis apr\u00e8s la pri\u00e8re d\u2019El-Asr et ont march\u00e9 pacifiquement \u00e0 travers leurs circuits habituels, traversant les principales art\u00e8res des grandes villes, telles que Ouargla, El-Oued, Gharda\u00efa et Tindouf pour appeler \u00e0 un \u00abchangement radical\u00bb. En nombre relativement r\u00e9duit comparativement aux pr\u00e9c\u00e9dents vendredis du fait de la chaleur et des vents de sable qui s\u00e9vissent dans certaines wilayas du Sud, les manifestants ont aussi saisi l\u2019opportunit\u00e9 pour appeler \u00e0 la libert\u00e9 d\u2019expression et de la presse.\u00a0<\/p>\n<div readability=\"21\">\n<hr \/>\n<p><strong>\u00a0Alger\u00a0<\/strong><\/p>\n<p><strong>La d\u00e9mocratie encore et toujours!<\/strong><\/p>\n<div readability=\"34\">\n<p>Les marches populaires se sont poursuivies \u00e0 Alger et dans les autres wilayas du pays, pour le 11e vendredi cons\u00e9cutif, avec les m\u00eames slogans et mots d\u2019ordre r\u00e9clamant le changement radical, le d\u00e9part de \u00abtous les symboles du syst\u00e8me\u00bb et \u00abl\u2019ind\u00e9pendance de la justice\u00bb, ont constat\u00e9 des journalistes de l\u2019APS.\u00a0<\/p>\n<p>A l\u2019instar des pr\u00e9c\u00e9dents vendredis, la mobilisation des citoyens n\u2019a pas faibli malgr\u00e9 le froid, les premiers groupes des manifestants ayant commenc\u00e9 \u00e0 affluer vers l\u2019esplanade de la Grande Poste et la place Maurice-Audin d\u00e8s les premi\u00e8res heures de la matin\u00e9e, avant d\u2019\u00eatre rejoints par d\u2019autres en d\u00e9but d\u2019apr\u00e8s-midi.\u00a0<\/p>\n<p>Les manifestations se sont \u00e9branl\u00e9es par la suite pour sillonner les diff\u00e9rentes art\u00e8res de la capitale dans un climat serein et en pr\u00e9sence d\u2019un dispositif s\u00e9curitaire renforc\u00e9 pour la circonstance. Les manifestants, drap\u00e9s de l\u2019embl\u00e8me national et brandissant des banderoles, r\u00e9clament le d\u00e9part de tous les symboles du syst\u00e8me politique, le jugement de tous ceux qui sont impliqu\u00e9s dans des affaires de corruption, tout en exprimant leur attachement \u00e0 l\u2019unit\u00e9 nationale et r\u00e9affirmant que \u00abla souverainet\u00e9 appartient exclusivement au peuple\u00bb. Les manifestants ont \u00e9galement revendiqu\u00e9 plus de d\u00e9mocratie, d\u2019autant plus que ce 11e vendredi co\u00efncide avec la Journ\u00e9e mondiale de la libert\u00e9 de la presse.\u00a0 Les marches de ce vendredi interviennent aussi un mois apr\u00e8s la d\u00e9mission du pr\u00e9sident de la R\u00e9publique Abdelaziz Bouteflika et la comparution d\u2019hommes d\u2019affaires et de responsables devant la justice dans des affaires li\u00e9es \u00e0 la corruption, la dilapidation de deniers publics et \u00e0 des privil\u00e8ges indus.<\/p>\n<div readability=\"37.5\">\n<hr \/>\n<p><strong>S\u00e9TIF<\/strong><\/p>\n<p><strong>Mise en \u0153uvre de r\u00e9formes profondes<\/strong><\/p>\n<div readability=\"66\">\n<p>\u00a0 Une fois encore, et comme pour ne pas d\u00e9roger \u00e0 une habitude qui s\u2019est instaur\u00e9e depuis d\u00e9j\u00e0 plusieurs vendredi, de nombreux citoyens, jeunes et moins jeunes, mais des hommes surtout, sont venus investir le traditionnel espace situ\u00e9 entre le parc Mall et la grande place pour faire \u00e9tat, comme depuis le d\u00e9but, de revendications portant sur un changement radical et la mise en \u0153uvre de r\u00e9formes profondes.<\/p>\n<p>Dans cet immense d\u00e9cor d\u2019autant plus agr\u00e9ment\u00e9 par l\u2019embl\u00e8me national de dimensions diff\u00e9rentes qui flottait au plus haut de ce mouvement pacifique, encadr\u00e9 comme d\u2019habitude par un excellent service d\u2019ordre, ces nombreux jeunes, qui n\u2019ont pas fini de briller par un comportement exemplaire et conf\u00e9rer ainsi au monde entier l\u2019image r\u00e9elle de ce potentiel juv\u00e9nile de l\u2019Alg\u00e9rie, revendiquaient dans le calme et la s\u00e9r\u00e9nit\u00e9 une juste place dans l\u2019espace des id\u00e9es et de la d\u00e9cision politique pour construire leur pays.\u00a0<\/p>\n<p>Des jeunes d\u2019autant plus avis\u00e9s qu\u2019\u00e0 quelques m\u00e8tres de l\u00e0, sur la grande place de la poste, ces derniers venus suffisamment t\u00f4t, comme d\u2019habitude, ont pris le soin d\u2019accrocher une immense banderole sur laquelle il \u00e9tait \u00e9crit, en fran\u00e7ais, en anglais et en arabe \u00abL\u2019unit\u00e9 nationale, une ligne rouge\u00bb, occupant par la m\u00eame cet immense espace par des activit\u00e9s qui se situent d\u00e9j\u00e0 dans le prolongement de ce mouvement. Autant d\u2019activit\u00e9s qui d\u00e9notent la maturit\u00e9 de ces jeunes et sont mises en exergue par cet atelier de sondage, bien encadr\u00e9 par de jeunes universitaires qui informent et expliquent le pourquoi de l\u2019application des articles 7 et 8 de la Constitution. Sur cet espace am\u00e9nag\u00e9, les deux urnes transparentes sont investies par des citoyens de tous \u00e2ges qui r\u00e9pondent par un oui ou un non \u00e0 la question de savoir si le \u00abHarak\u00bb devait \u00eatre repr\u00e9sent\u00e9. Un document expliquant par ailleurs qu\u2019en cas d\u2019acceptation de cette repr\u00e9sentation du mouvement par le peuple, possibilit\u00e9 est donn\u00e9e \u00e0 chaque citoyen de faire \u00e9tat de sa candidature, sous r\u00e9serve d\u2019\u00eatre dot\u00e9 de comp\u00e9tences av\u00e9r\u00e9es dans le domaine du droit constitutionnel, et ne point relever de personnalit\u00e9s nationales qui ne sont pas accept\u00e9es par le peuple.<\/p>\n<p>A quelques m\u00e8tres de l\u00e0, alors que d\u2019autres citoyens r\u00e9it\u00e8rent leur soutien aux forces de l\u2019ANP, un autre atelier-sondage est encadr\u00e9 par d\u2019autres jeunes qui distribuent une liste et vous demandent tout simplement de cocher dans la case portant le nom de la personnalit\u00e9 \u00e0 m\u00eame de pouvoir diriger la p\u00e9riode transitoire.\u00a0<\/p>\n<p>Parmi les 13 noms qui sont port\u00e9s sur cette liste figurent Lyamine Zeroual, Taleb el Ibrahimi, Benbitour, Far\u00e8s Mesdour, Mustapha Bouchachi, Karim Tabbou, Abderezak Mokri, Ali Belhadj, Med Larbi Zitout, Mouloud Hamrouche, Fodhil Boumala, Abdallah Djaballah et Ahmed R\u00e9dha Debabha.\u00a0<\/p>\n<p>F. Zoghbi<\/p>\n<div readability=\"41.5\">\n<hr \/>\n<p><strong>Bordj Bou Arreridj\u00a0<\/strong><\/p>\n<p><strong>\u00ab Jugez les voleurs \u00bb<\/strong><\/p>\n<div readability=\"78\">\n<p>Les habitants de la wilaya de Bordj Bou Arreridj ont ajout\u00e9 hier deux nouvelles formes de lutte pour faire aboutir leur revendication d\u2019un changement radical du syst\u00e8me politique national. Ces habitants, dont la d\u00e9termination pour construire une Alg\u00e9rie nouvelle est toujours aussi forte que par le pass\u00e9, ont choisi \u00e9galement le sit-in et m\u00eame la gr\u00e8ve de la faim pour porter leur message.<\/p>\n<p>Ce qui a donn\u00e9 \u00e0 leur sortie \u2014que le changement du climat n\u2019a pas alt\u00e9r\u00e9\u2014 une grande force.<\/p>\n<p>Ils se sont regroup\u00e9s d\u2019abord dans leur fief habituel qu\u2019ils appellent fi\u00e8rement \u00ab le palais du peuple \u00bb. L\u00e0 ils ont assist\u00e9 au tifo de la semaine. Ce dernier, qui \u00e9tait tr\u00e8s attendu par les manifestants, exprimait un long chemin, pour le pays s\u2019entend, qui devra mener vers le choix d\u2019une personnalit\u00e9 ind\u00e9pendante et propre pour diriger le pays durant la p\u00e9riode transitoire.<\/p>\n<p>Sit\u00f4t l\u2019image adopt\u00e9e par de longs applaudissements, les manifestants, qui \u00e9taient drap\u00e9s de l\u2019embl\u00e8me national, ont repris leur chemin habituel \u00e0 savoir le boulevard Houari-Boumediene qui a vibr\u00e9 sous les chants patriotiques mais aussi les slogans des marcheurs. Juger les voleurs, unit\u00e9 du pays, soutien \u00e0 l\u2019arm\u00e9e et un seul peuple \u00e9taient les principes fondamentaux d\u00e9fendus par les citoyens qui ont gard\u00e9 leur calme et leur civisme comme cela a \u00e9t\u00e9 le cas pour les sorties pr\u00e9c\u00e9dentes.<\/p>\n<p>N\u2019\u00e9tait le s\u00e9rieux du moment, nous nous serions crus dans une f\u00eate, tant l\u2019ambiance \u00e9tait joyeuse et la repr\u00e9sentation familiale.<\/p>\n<p>Toutes les cat\u00e9gories sociales, femmes, enfants, jeunes et moins jeunes ont battu le pav\u00e9, donnant au mouvement un caract\u00e8re collectif.<\/p>\n<p>Il faut dire que l\u2019aspiration \u00e0 la d\u00e9mocratie et au changement anime tout le monde.<\/p>\n<p>Arriv\u00e9s devant le si\u00e8ge de la wilaya, ils se sont regroup\u00e9s pour rappeler leurs revendications et surtout appuyer ceux qui ont choisi d\u2019observer une gr\u00e8ve de la faim pour porter le message du ras-le- bol quant \u00e0 la crise que traverse le pays.<\/p>\n<p>Ce mouvement a \u00e9t\u00e9 men\u00e9 par deux jeunes de la wilaya qui ont d\u00e9cid\u00e9 de recourir \u00e0 cette option pour interpeller les responsables sur les attentes de la population. Les deux jeunes, Brahim et Abderrezak, m\u00eame affaiblis, ont tenu \u00e0 engager la discussion avec les personnes qui les entouraient sur les motifs de leur action bien s\u00fbr mais aussi sur la n\u00e9cessit\u00e9 que le changement touche tous les secteurs.<\/p>\n<p>\u00ab Nous voulons une vie meilleure pour nous et pour nos camardes \u00bb, ont d\u00e9clar\u00e9 les gr\u00e9vistes qui ne sont pas des inconnus du mouvement.<\/p>\n<p>Brahim est m\u00eame le premier \u00e0 avoir march\u00e9 avec des dizaines de ses amis pour appeler l\u2019ancien pr\u00e9sident de la R\u00e9publique \u00e0 renoncer \u00e0 un 5e mandat. Leur mouvement qui remonte \u00e0 bien avant le 22 f\u00e9vrier a \u00e9t\u00e9 le pr\u00e9curseur des actions qui ont \u00e9t\u00e9 engag\u00e9es ensuite.<\/p>\n<p>Il avait m\u00eame \u00e9t\u00e9 arr\u00eat\u00e9 par la police et plac\u00e9 en garde \u00e0 vue avant qu\u2019il ne soit lib\u00e9r\u00e9 le lendemain.<\/p>\n<p>Cette mobilisation de la population de la wilaya de Bordj Bou Arreridj, qui est l\u2019une des plus importantes du Hirak, n\u2019a pas manqu\u00e9 d\u2019attirer les observateurs nationaux et \u00e9trangers charm\u00e9s par le caract\u00e8re pacifique et ing\u00e9nieux des marches dans la wilaya.<\/p>\n<p>F. D.<\/p>\n<\/div>\n<\/div>\n<\/div>\n<\/div>\n<\/div>\n<\/div>\n<p>Auteur: elmoudjahid<br \/>\n<a href=\"http:\/\/www.elmoudjahid.com\/fr\/actualites\/136531\">Cliquez ici pour lire l&rsquo;article depuis sa source.<\/a><\/p>\n","protected":false},"excerpt":{"rendered":"<p>Des citoyens sont sortis dans les rues dans plusieurs r\u00e9gions du pays, pour le 11e vendredi, pour manifester pacifiquement et demander le d\u00e9part des figures du syst\u00e8me, notamment celles impliqu\u00e9es dans des affaires de corruption, a-t-on constat\u00e9. Des milliers de manifestants ont march\u00e9 pacifiquement dans les villes de l&rsquo;Est, r\u00e9it\u00e9rant leur appel en faveur d\u2019un [&hellip;]<\/p>\n","protected":false},"author":1744,"featured_media":0,"comment_status":"closed","ping_status":"closed","sticky":false,"template":"","format":"standard","meta":{"fifu_image_url":"","fifu_image_alt":"","footnotes":""},"categories":[73,53],"tags":[],"class_list":["post-32090","post","type-post","status-publish","format-standard","hentry","category-actualite","category-algerie"],"_links":{"self":[{"href":"https:\/\/linitiative.ca\/International\/wp-json\/wp\/v2\/posts\/32090","targetHints":{"allow":["GET"]}}],"collection":[{"href":"https:\/\/linitiative.ca\/International\/wp-json\/wp\/v2\/posts"}],"about":[{"href":"https:\/\/linitiative.ca\/International\/wp-json\/wp\/v2\/types\/post"}],"author":[{"embeddable":true,"href":"https:\/\/linitiative.ca\/International\/wp-json\/wp\/v2\/users\/1744"}],"replies":[{"embeddable":true,"href":"https:\/\/linitiative.ca\/International\/wp-json\/wp\/v2\/comments?post=32090"}],"version-history":[{"count":0,"href":"https:\/\/linitiative.ca\/International\/wp-json\/wp\/v2\/posts\/32090\/revisions"}],"wp:attachment":[{"href":"https:\/\/linitiative.ca\/International\/wp-json\/wp\/v2\/media?parent=32090"}],"wp:term":[{"taxonomy":"category","embeddable":true,"href":"https:\/\/linitiative.ca\/International\/wp-json\/wp\/v2\/categories?post=32090"},{"taxonomy":"post_tag","embeddable":true,"href":"https:\/\/linitiative.ca\/International\/wp-json\/wp\/v2\/tags?post=32090"}],"curies":[{"name":"wp","href":"https:\/\/api.w.org\/{rel}","templated":true}]}}