{"id":32091,"date":"2019-05-03T19:00:00","date_gmt":"2019-05-03T23:00:00","guid":{"rendered":"https:\/\/linitiative.ca\/International\/revalorisation-des-retraites-augmentation-jusqua-6-a-compter-du-1er-mai\/"},"modified":"2019-05-03T19:00:00","modified_gmt":"2019-05-03T23:00:00","slug":"revalorisation-des-retraites-augmentation-jusqua-6-a-compter-du-1er-mai","status":"publish","type":"post","link":"https:\/\/linitiative.ca\/International\/revalorisation-des-retraites-augmentation-jusqua-6-a-compter-du-1er-mai\/","title":{"rendered":"Revalorisation des retraites  :  Augmentation jusqu\u2019\u00e0 6%  \u00e0 compter du 1er mai"},"content":{"rendered":"<p>Bonne nouvelle pour plus de 3 millions de retrait\u00e9s, la date de l\u2019augmentation des pensions est enfin fix\u00e9e. Le ministre du Travail, de l\u2019Emploi et de la S\u00e9curit\u00e9 sociale, Tidjani Hassan Haddam, a annonc\u00e9, jeudi, une revalorisation des pensions et allocations de retraite \u00e0 des taux allant de 1,5 \u00e0 6%, \u00e0 compter du 1er mai, en faveur des 3.150.000 retrait\u00e9s.<\/p>\n<div readability=\"72\">\n<p>C\u2019est en marge de la journ\u00e9e d\u2019information sur la Pr\u00e9vention sanitaire dans le milieu du travail tenue en pr\u00e9sence du ministre de la Sant\u00e9, de la Population et de la R\u00e9forme hospitali\u00e8re, Mohamed Miraoui, que le ministre du Travail, de l\u2019Emploi et de la S\u00e9curit\u00e9 sociale, Tidjani Hassan Haddam, a d\u00e9clar\u00e9 que \u00abdans le cadre de l\u2019am\u00e9lioration du pouvoir d\u2019achat des retrait\u00e9s, le Gouvernement a d\u00e9cid\u00e9, apr\u00e8s examen par le conseil d\u2019administration de la Caisse nationale des retraites (CNR), la revalorisation des pensions et allocations de retraite au titre de l\u2019ann\u00e9e 2019, \u00e0 des taux allant de 1,5 \u00e0 6% \u00e0 compter du 1er mai 2019\u00bb. \u00abCes augmentations qui seront vers\u00e9es en juin, seront calcul\u00e9es en fonction d&rsquo;un taux variable qui tient compte du montant global des pensions et allocations de retraite, a expliqu\u00e9 le ministre pr\u00e9cisant \u00abque les augmentations seront de l&rsquo;ordre de 6% pour les pensions dont le montant est inf\u00e9rieur ou \u00e9gal \u00e0 20.000 DA, 3% pour les pensions dont le montant est sup\u00e9rieur \u00e0 20.000 DA et inf\u00e9rieur ou \u00e9gal \u00e0 40.000 DA, 2,5% pour les pensions dont le montant est sup\u00e9rieur \u00e0 40.000 DA et inf\u00e9rieur ou \u00e9gal \u00e0 60.000 DA, 2% pour les pensions dont le montant est sup\u00e9rieur \u00e0 60.000 DA et inf\u00e9rieur ou \u00e9gal \u00e0 80.000 DA et 1,5% pour les pensions de plus de 80.000 DA\u00bb. Par ailleurs, le ministre a affirm\u00e9 que les cl\u00e9s des professionnels de la sant\u00e9 relatives au syst\u00e8me de la carte \u00e9lectronique \u00abChifa\u00bb, utilis\u00e9es par les praticiens de la sant\u00e9 (pharmaciens) contractuels avec la S\u00e9curit\u00e9 sociale sont d\u00e9sormais \u00abdisponibles\u00bb et seront distribu\u00e9es graduellement aux nouveaux pharmaciens.<\/p>\n<p>La CNR, qui fait face depuis 2014 \u00e0 des difficult\u00e9s financi\u00e8res, a b\u00e9n\u00e9fici\u00e9, faut il le rappeler, d\u2019un pr\u00eat de 600 milliards de dinars par le biais du Fonds National d\u2019investissement, afin de pouvoir verser les pensions des retrait\u00e9s en 2019.<\/p>\n<p>En effet, le projet de loi de Finances 2019 pr\u00e9voit, faut-il le rappeler, est d\u2019autoriser le FNI \u00e0 octroyer des cr\u00e9dits au profit de la CNR \u00e0 des taux d&rsquo;int\u00e9r\u00eat qui seront pris en charge par le Tr\u00e9sor public. L&rsquo;affectation exceptionnelle de 500 milliards de DA, octroy\u00e9e en 2018, pour pr\u00e9server les \u00e9quilibres du syst\u00e8me de S\u00e9curit\u00e9 sociale, avait permis le paiement des pensions de retraite. La S\u00e9curit\u00e9 sociale \u00e9tait confront\u00e9e \u00e0 certains d\u00e9s\u00e9quilibres financiers, affectant en particulier la branche retraite, en raison d&rsquo;une hausse des d\u00e9penses par rapport aux recettes des cotisations, du fait que le nombre de retrait\u00e9s ayant atteint les 3,225 millions, engendrant un co\u00fbt financier annuel de 1.282 milliards de dinars.<\/p>\n<p>Dans le m\u00eame contexte, M. Haddam a assur\u00e9 que \u00abson d\u00e9partement demeure toujours \u00e0 l&rsquo;\u00e9coute de toutes les pr\u00e9occupations de ses partenaires pour offrir les meilleures prestations aux citoyens en g\u00e9n\u00e9ral et aux assur\u00e9s sociaux en particulier\u00bb.<\/p>\n<p>Pour sa part, le ministre de la Sant\u00e9 a affirm\u00e9 que son d\u00e9partement \u00abveille \u00e0 garantir la pr\u00e9vention sanitaire dans le milieu du travail pour \u00e9viter les Troubles musculo-squelettiques (TMS) et leur diagnostic et contr\u00f4le m\u00e9dical ainsi que la mise en place des moyens et conditions n\u00e9cessaires pour \u00e9viter ces troubles en vue de pr\u00e9server la sant\u00e9 des travailleurs et booster le rendement du travail.<\/p>\n<p>\u00abCompte tenu de l&rsquo;importance de ce volet, l&rsquo;Etat a mis en place plus de 600 structures sp\u00e9cialis\u00e9es dans la m\u00e9decine du travail relevant du secteur de la sant\u00e9 en vue de pr\u00e9venir et promouvoir la sant\u00e9 et prendre en charge les cas touch\u00e9s par les TMS\u00bb, a-t-il soulign\u00e9.<\/p>\n<p><strong>Salima Ettouahria<\/strong><\/p>\n<\/div>\n<p>Auteur: elmoudjahid<br \/>\n<a href=\"http:\/\/www.elmoudjahid.com\/fr\/actualites\/136532\">Cliquez ici pour lire l&rsquo;article depuis sa source.<\/a><\/p>\n","protected":false},"excerpt":{"rendered":"<p>Bonne nouvelle pour plus de 3 millions de retrait\u00e9s, la date de l\u2019augmentation des pensions est enfin fix\u00e9e. Le ministre du Travail, de l\u2019Emploi et de la S\u00e9curit\u00e9 sociale, Tidjani Hassan Haddam, a annonc\u00e9, jeudi, une revalorisation des pensions et allocations de retraite \u00e0 des taux allant de 1,5 \u00e0 6%, \u00e0 compter du 1er [&hellip;]<\/p>\n","protected":false},"author":1744,"featured_media":0,"comment_status":"closed","ping_status":"closed","sticky":false,"template":"","format":"standard","meta":{"fifu_image_url":"","fifu_image_alt":"","footnotes":""},"categories":[73,53],"tags":[],"class_list":["post-32091","post","type-post","status-publish","format-standard","hentry","category-actualite","category-algerie"],"_links":{"self":[{"href":"https:\/\/linitiative.ca\/International\/wp-json\/wp\/v2\/posts\/32091","targetHints":{"allow":["GET"]}}],"collection":[{"href":"https:\/\/linitiative.ca\/International\/wp-json\/wp\/v2\/posts"}],"about":[{"href":"https:\/\/linitiative.ca\/International\/wp-json\/wp\/v2\/types\/post"}],"author":[{"embeddable":true,"href":"https:\/\/linitiative.ca\/International\/wp-json\/wp\/v2\/users\/1744"}],"replies":[{"embeddable":true,"href":"https:\/\/linitiative.ca\/International\/wp-json\/wp\/v2\/comments?post=32091"}],"version-history":[{"count":0,"href":"https:\/\/linitiative.ca\/International\/wp-json\/wp\/v2\/posts\/32091\/revisions"}],"wp:attachment":[{"href":"https:\/\/linitiative.ca\/International\/wp-json\/wp\/v2\/media?parent=32091"}],"wp:term":[{"taxonomy":"category","embeddable":true,"href":"https:\/\/linitiative.ca\/International\/wp-json\/wp\/v2\/categories?post=32091"},{"taxonomy":"post_tag","embeddable":true,"href":"https:\/\/linitiative.ca\/International\/wp-json\/wp\/v2\/tags?post=32091"}],"curies":[{"name":"wp","href":"https:\/\/api.w.org\/{rel}","templated":true}]}}