{"id":32092,"date":"2019-05-03T19:00:00","date_gmt":"2019-05-03T23:00:00","guid":{"rendered":"https:\/\/linitiative.ca\/International\/pallier-a-la-penurie-de-medicaments-plan-daction-durgence\/"},"modified":"2019-05-03T19:00:00","modified_gmt":"2019-05-03T23:00:00","slug":"pallier-a-la-penurie-de-medicaments-plan-daction-durgence","status":"publish","type":"post","link":"https:\/\/linitiative.ca\/International\/pallier-a-la-penurie-de-medicaments-plan-daction-durgence\/","title":{"rendered":"PalLier \u00e0 la p\u00e9nurie de m\u00e9dicaments :  Plan d\u2019action d\u2019urgence"},"content":{"rendered":"<p>\u00abSuite \u00e0 plusieurs rencontres avec les diff\u00e9rents partenaires, industriels, pharmaciens, importateurs et distributeurs, le minist\u00e8re a pris des mesures urgentes pour pallier \u00e0 la p\u00e9nurie des m\u00e9dicaments, notamment ceux destin\u00e9s aux malades chroniques\u00bb. C\u2019est ce qu\u2019a d\u00e9clar\u00e9 le directeur g\u00e9n\u00e9ral de la Pharmacie et des \u00e9quipements m\u00e9dicaux au minist\u00e8re de la Sant\u00e9, de la Population et de la R\u00e9forme hospitali\u00e8re. M.\u2008Djaoued Bourkaib a anim\u00e9, ce jeudi, une conf\u00e9rence de presse en pr\u00e9sence des membres de la commission des cellules de veille pour la gestion des m\u00e9dicaments a fait savoir que ce plan d\u2019action concert\u00e9 pour la r\u00e9gulation du march\u00e9 du m\u00e9dicament a \u00e9t\u00e9 scind\u00e9 en deux, en l\u2019occurrence des mesures conjoncturelles et d\u2019autres structurelles.<\/p>\n<p>S\u2019agissant des mesures conjoncturelles, il a annonc\u00e9 la tenue de r\u00e9unions hebdomadaires de la cellule de veille jusqu\u2019\u00e0 la fin des perturbations du march\u00e9 du m\u00e9dicament ainsi que l\u2019\u00e9valuation p\u00e9riodique de la situation. \u00abNous allons proc\u00e9der \u00e0 partir de la semaine prochaine \u00e0 l\u2019\u00e9valuation et le contr\u00f4le minutieux de l\u2019\u00e9tat des stocks tels la production et l\u2019importation, le suivi mensuel des quantit\u00e9s de m\u00e9dicaments produits localement, notamment pour les m\u00e9dicaments essentiels. De m\u00eame que nous allons veiller \u00e9galement au suivi de l\u2019ex\u00e9cution des programmes d\u2019importation comme la d\u00e9clarations ou le planning de livraison\u00bb, a-t-il d\u00e9taill\u00e9.<\/p>\n<p>Le contr\u00f4le de la mise en \u0153uvre des engagements des importateurs et des producteurs, sera\u00a0 \u00e9galement\u00a0 accentu\u00e9\u00a0 dans le cadre de ce plan d\u2019action. Par ailleurs, le directeur g\u00e9n\u00e9ral a mis en garde les importateurs qui n\u2019ont pas honor\u00e9 leurs engagements. Reconnaissant les tensions sur le march\u00e9 national ces trois ann\u00e9es ant\u00e9rieures, il\u00a0 fait savoir que les services du minist\u00e8re ont proc\u00e9d\u00e9 d\u00e9j\u00e0 \u00e0 l\u2019\u00e9valuation de la situation depuis le d\u00e9but 2019. \u00abDes avenants aux programmes d\u2019importation initiaux seront accord\u00e9s \u00e0 compter du mois de mai 2019, sur des crit\u00e8res objectifs et selon une proc\u00e9dure pr\u00e9alablement arr\u00eat\u00e9e, notamment pour les m\u00e9dicaments essentiels et ce, pour stabiliser le march\u00e9 et reconstituer les stocks\u00bb, a-t-il expliqu\u00e9.<\/p>\n<p>Pour les produits dits mixtes issus de la fabrication locale et de l\u2019importation, l\u2019\u00e9valuation et le contr\u00f4le porteront sur les engagements des fabricants locaux. \u00abToute d\u00e9faillance constat\u00e9e sera palli\u00e9 par des mesures appropri\u00e9es, y compris des importations d\u2019appoint suppl\u00e9mentaires\u00bb, a-t-il averti.\u00a0\u00a0<\/p>\n<p>S\u2019agissant des produits exclusivement fabriqu\u00e9s localement et d\u00e9clar\u00e9s en rupture ou sous tension, les fabricants concern\u00e9s seront interpell\u00e9s et mis en demeure \u00e0 l\u2019effet de prouver que leurs engagements sont honor\u00e9s, faute de quoi, des mesures palliatives seront mises en \u0153uvre.<\/p>\n<p>Evoquant les \u00abmesures structurelles\u00bb, Bourkaib a cit\u00e9 quelques\u00a0 actions sectorielles qui vont \u00eatre entreprises, notamment la\u00a0 poursuite et renforcement de la concertation entre le minist\u00e8re de la sant\u00e9 et les diff\u00e9rents intervenants sur le march\u00e9 du m\u00e9dicament ainsi que le rapprochement des \u00e9ch\u00e9ances pour la d\u00e9livrance des Programmes annuels pr\u00e9visionnels d\u2019importation, en tenant compte des donn\u00e9es pertinentes et de la fabrication locale. \u00abCette\u00a0 mesure applicable d\u00e8s 2019 pour l\u2019ann\u00e9e 2020. Il sera question donc du rapprochement des d\u00e9lais de d\u00e9p\u00f4t au 31 juillet de l\u2019ann\u00e9e, l\u2019\u00e9ch\u00e9ance pour la d\u00e9livrance de ces programmes est donc pr\u00e9vue d\u00e9but novembre \u00ab, a-t-il rappel\u00e9, mettant en valeur les \u00abefforts\u00bb de son d\u00e9partement pour \u00abl&rsquo;aplanissement\u00bb des entraves auxquelles font face les producteurs locaux et \u00abl&rsquo;am\u00e9lioration\u00bb du cadre juridique de gestion du march\u00e9 des m\u00e9dicaments, conform\u00e9ment aux nouveaux textes. Autre annonce importante faite lors de cette conf\u00e9rence, elle concerne la r\u00e9vision des prix de certains m\u00e9dicaments issus de la fabrication nationale, jug\u00e9s \u00abtrop bas\u00bb et \u00abnon rentable\u00bb s, et donc susceptibles d\u2019\u00eatre abandonn\u00e9s alors qu\u2019il s\u2019agit souvent de m\u00e9dicaments \u00abessentiels\u00bb.\u00a0\u00a0<\/p>\n<p><strong>Des hausses \u00ab minimes \u00bb pr\u00e9vus pour certains m\u00e9dicaments<\/strong><\/p>\n<p>\u00abLa hausse des prix de ces produits ne touchera pas le pouvoir d\u2019achat. Elle sera minimee\u00bb a rassur\u00e9 \u00e0 ce sujet le DG de la Pharmacie et des \u00e9quipements m\u00e9dicaux au d\u00e9partement de Miraoui, ajoutant que c&rsquo;est la Caisse nationale des assurances sociales (CNAS) qui la prendra en charge.<\/p>\n<p>Plusieurs autres mesures intersectorielles (minist\u00e8res des Finances, et du Travail) ont \u00e9t\u00e9 prises par ailleurs pour \u00abam\u00e9liorer\u00bb le domaine pharmaceutique et \u00ab d\u00e9velopper \u00ab cette industrie nationale \u00abencore naissante\u00bb. Selon Bourkaib, la facture du march\u00e9 national des m\u00e9dicaments entre locaux et import\u00e9s s&rsquo;est \u00e9lev\u00e9e, en 2018, \u00e0 3,8 milliards dollars dont 55% de production locale.<\/p>\n<p>De son c\u00f4t\u00e9, le vice-pr\u00e9sident de l&rsquo;Union nationale des op\u00e9rateurs de la pharmacie (UNOP) a salu\u00e9 les mesures prises\u00a0 par le d\u00e9partement de la Sant\u00e9 qui a reconnu, pour la premi\u00e8re fois, l&rsquo;existence de \u00abr\u00e9elles\u00bb perturbations au niveau du march\u00e9 pharmaceutique, optant ainsi \u00e0 un dialogue \u00abclair\u00bb avec ses partenaires. \u00abCes mesures de curatives et pr\u00e9ventives\u00a0 vont permettre sans doute de pallier les carences enregistr\u00e9es\u00bb, s\u2019est en effet f\u00e9licit\u00e9 le Docteur Malik A\u00eft Sa\u00efd qui a fait savoir que le secteur de l\u2019industrie pharmaceutique englobe quelques 90 producteurs locaux et plus de 100 projets en cours d\u2019\u00e9laboration.\u00a0<\/p>\n<p><strong>Sarah A. Benali Cherif\u00a0<\/strong><\/p>\n<p>Auteur: elmoudjahid<br \/>\n<a href=\"http:\/\/www.elmoudjahid.com\/fr\/actualites\/136533\">Cliquez ici pour lire l&rsquo;article depuis sa source.<\/a><\/p>\n","protected":false},"excerpt":{"rendered":"<p>\u00abSuite \u00e0 plusieurs rencontres avec les diff\u00e9rents partenaires, industriels, pharmaciens, importateurs et distributeurs, le minist\u00e8re a pris des mesures urgentes pour pallier \u00e0 la p\u00e9nurie des m\u00e9dicaments, notamment ceux destin\u00e9s aux malades chroniques\u00bb. C\u2019est ce qu\u2019a d\u00e9clar\u00e9 le directeur g\u00e9n\u00e9ral de la Pharmacie et des \u00e9quipements m\u00e9dicaux au minist\u00e8re de la Sant\u00e9, de la Population [&hellip;]<\/p>\n","protected":false},"author":1744,"featured_media":0,"comment_status":"closed","ping_status":"closed","sticky":false,"template":"","format":"standard","meta":{"fifu_image_url":"","fifu_image_alt":"","footnotes":""},"categories":[73,53],"tags":[],"class_list":["post-32092","post","type-post","status-publish","format-standard","hentry","category-actualite","category-algerie"],"_links":{"self":[{"href":"https:\/\/linitiative.ca\/International\/wp-json\/wp\/v2\/posts\/32092","targetHints":{"allow":["GET"]}}],"collection":[{"href":"https:\/\/linitiative.ca\/International\/wp-json\/wp\/v2\/posts"}],"about":[{"href":"https:\/\/linitiative.ca\/International\/wp-json\/wp\/v2\/types\/post"}],"author":[{"embeddable":true,"href":"https:\/\/linitiative.ca\/International\/wp-json\/wp\/v2\/users\/1744"}],"replies":[{"embeddable":true,"href":"https:\/\/linitiative.ca\/International\/wp-json\/wp\/v2\/comments?post=32092"}],"version-history":[{"count":0,"href":"https:\/\/linitiative.ca\/International\/wp-json\/wp\/v2\/posts\/32092\/revisions"}],"wp:attachment":[{"href":"https:\/\/linitiative.ca\/International\/wp-json\/wp\/v2\/media?parent=32092"}],"wp:term":[{"taxonomy":"category","embeddable":true,"href":"https:\/\/linitiative.ca\/International\/wp-json\/wp\/v2\/categories?post=32092"},{"taxonomy":"post_tag","embeddable":true,"href":"https:\/\/linitiative.ca\/International\/wp-json\/wp\/v2\/tags?post=32092"}],"curies":[{"name":"wp","href":"https:\/\/api.w.org\/{rel}","templated":true}]}}