{"id":32096,"date":"2019-05-03T19:00:00","date_gmt":"2019-05-03T23:00:00","guid":{"rendered":"https:\/\/linitiative.ca\/International\/le-journaliste-face-aux-exigences-de-lethique\/"},"modified":"2019-05-03T19:00:00","modified_gmt":"2019-05-03T23:00:00","slug":"le-journaliste-face-aux-exigences-de-lethique","status":"publish","type":"post","link":"https:\/\/linitiative.ca\/International\/le-journaliste-face-aux-exigences-de-lethique\/","title":{"rendered":"Le journaliste  face aux  exigences de l\u2019\u00e9thique"},"content":{"rendered":"<p>C\u2019est dans un contexte politique particulier, que la corporation des journalistes c\u00e9l\u00e8bre la Journ\u00e9e internationale de la presse, correspondant au 3 mai.\u00a0<\/p>\n<div readability=\"44\">\n<p>En effet, le mouvement des manifestations pacifiques enclench\u00e9 depuis\u00a0 le 22 f\u00e9vrier, s\u2019il a impact\u00e9 positivement comme l\u2019affirment certains sur la consolidation de la libre expression, interpelle, selon d\u2019autres,\u00a0 les professionnels des m\u00e9dias quant \u00e0 la n\u00e9cessit\u00e9 de faire valoir plus que jamais les r\u00e8gles de\u00a0 l\u2019\u00e9thique et de la d\u00e9ontologie.\u00a0<\/p>\n<p>Et pour cause, dans une conjoncture o\u00f9 les r\u00e9seaux sociaux \u00e9voquent l\u2019actualit\u00e9 alg\u00e9rienne par un afflux de donn\u00e9es qui ne sont pas forc\u00e9ment\u00a0 fond\u00e9es, il est du r\u00f4le, voire de\u00a0 la responsabilit\u00e9 du journaliste professionnel d\u2019apporter l\u2019\u00e9claircissement n\u00e9cessaire dans le sens \u00e0 faire le distinguo entre ce qui est vrai et erron\u00e9. A la base, les r\u00e9seaux sociaux ne peuvent en aucun cas constituer une source de r\u00e9f\u00e9rence pour les journalistes. Toutefois, eu \u00e9gard \u00e0 leur influence de plus en plus forte sur la soci\u00e9t\u00e9, il serait plut\u00f4t ind\u00e9licat de les ignorer. Le mieux, pensent les sp\u00e9cialistes, serait de s\u2019impr\u00e9gner du contenu retransmis \u00e0 travers ces espaces de communications de masses pour ensuite engager un travail d\u2019investigation pour en faire un produit m\u00e9diatique dans les normes\u00a0 professionnelles requises, et ce sans jamais d\u00e9tacher du principe de base du m\u00e9tier du journaliste, celui de diffuser une information juste, objective et responsable.\u00a0<\/p>\n<p>C\u2019est dans cette optique d\u2019ailleurs, et tenant compte des mutations politiques survenues depuis le 22 f\u00e9vrier, que nos confr\u00e8res du service publique (ENTV, ENRS et APS) ont eu \u00e0 manifester plusieurs fois leur volont\u00e9 d\u2019une plus large ouverture, exprimant dans ce sillage leur refus absolu de limiter leur couverture uniquement \u00e0 la retransmission des activit\u00e9s officielles. Par ailleurs, la c\u00e9l\u00e9bration de la journ\u00e9e internationale de la presse a \u00e9t\u00e9 marqu\u00e9e cette\u00a0 ann\u00e9e par la\u00a0 naissance d\u2019un\u00a0 nouveau syndicat sous l\u2019appellation du Conseil national des journalistes\u00a0 alg\u00e9riens (CNJA)\u00a0 dont\u00a0 l\u2019assembl\u00e9e constitutive a eu lieu ce jeudi \u00e0 Alger. L\u2019\u00e9v\u00e8nement a vu\u00a0 la participation de plus de 100 journalistes, venus de diff\u00e9rentes wilayas pour confirmer leur repr\u00e9sentativit\u00e9 au sein de cette nouvelle organisation syndicale, qui a pour objectif \u00abla d\u00e9fense les droits socioprofessionnels des journalistes\u00bb. Le constat \u00e0 ce niveau est d\u00e9plorable \u00e0 plus d\u2019un\u00a0 titre. En plus des conditions sociales pr\u00e9caires dont lesquelles \u00e9voluent beaucoup de nos confr\u00e8res dont certains n\u2019ont pas per\u00e7u leur salaire depuis des mois, le volet de la formation notamment des jeunes journalistes fait d\u00e9faut. L\u2019acc\u00e8s aux sources d\u2019information\u00a0 demeure encore probl\u00e9matique. Ce sont l\u00e0 des questions de fond qui m\u00e9ritent un traitement et une prise en charge \u00e0 la hauteur des objectifs assign\u00e9s \u00e0 la presse en sa qualit\u00e9 de d\u00e9fenseur des valeurs de la R\u00e9publique et des int\u00e9r\u00eats de la nation.\u00a0<\/p>\n<p><strong>\u00a0Karim Aoudia\u00a0 \u00a0<\/strong><\/p>\n<\/div>\n<p>Auteur: elmoudjahid<br \/>\n<a href=\"http:\/\/www.elmoudjahid.com\/fr\/actualites\/136537\">Cliquez ici pour lire l&rsquo;article depuis sa source.<\/a><\/p>\n","protected":false},"excerpt":{"rendered":"<p>C\u2019est dans un contexte politique particulier, que la corporation des journalistes c\u00e9l\u00e8bre la Journ\u00e9e internationale de la presse, correspondant au 3 mai.\u00a0 En effet, le mouvement des manifestations pacifiques enclench\u00e9 depuis\u00a0 le 22 f\u00e9vrier, s\u2019il a impact\u00e9 positivement comme l\u2019affirment certains sur la consolidation de la libre expression, interpelle, selon d\u2019autres,\u00a0 les professionnels des m\u00e9dias [&hellip;]<\/p>\n","protected":false},"author":1744,"featured_media":0,"comment_status":"closed","ping_status":"closed","sticky":false,"template":"","format":"standard","meta":{"fifu_image_url":"","fifu_image_alt":"","footnotes":""},"categories":[73,53],"tags":[],"class_list":["post-32096","post","type-post","status-publish","format-standard","hentry","category-actualite","category-algerie"],"_links":{"self":[{"href":"https:\/\/linitiative.ca\/International\/wp-json\/wp\/v2\/posts\/32096","targetHints":{"allow":["GET"]}}],"collection":[{"href":"https:\/\/linitiative.ca\/International\/wp-json\/wp\/v2\/posts"}],"about":[{"href":"https:\/\/linitiative.ca\/International\/wp-json\/wp\/v2\/types\/post"}],"author":[{"embeddable":true,"href":"https:\/\/linitiative.ca\/International\/wp-json\/wp\/v2\/users\/1744"}],"replies":[{"embeddable":true,"href":"https:\/\/linitiative.ca\/International\/wp-json\/wp\/v2\/comments?post=32096"}],"version-history":[{"count":0,"href":"https:\/\/linitiative.ca\/International\/wp-json\/wp\/v2\/posts\/32096\/revisions"}],"wp:attachment":[{"href":"https:\/\/linitiative.ca\/International\/wp-json\/wp\/v2\/media?parent=32096"}],"wp:term":[{"taxonomy":"category","embeddable":true,"href":"https:\/\/linitiative.ca\/International\/wp-json\/wp\/v2\/categories?post=32096"},{"taxonomy":"post_tag","embeddable":true,"href":"https:\/\/linitiative.ca\/International\/wp-json\/wp\/v2\/tags?post=32096"}],"curies":[{"name":"wp","href":"https:\/\/api.w.org\/{rel}","templated":true}]}}