{"id":32097,"date":"2019-05-04T10:40:23","date_gmt":"2019-05-04T14:40:23","guid":{"rendered":"https:\/\/linitiative.ca\/International\/89027-championnats-d-afrique-de-judo-cadets-l-algerie-vice-championne-avec-17-medailles\/"},"modified":"2019-05-04T10:40:23","modified_gmt":"2019-05-04T14:40:23","slug":"89027-championnats-d-afrique-de-judo-cadets-l-algerie-vice-championne-avec-17-medailles","status":"publish","type":"post","link":"https:\/\/linitiative.ca\/International\/89027-championnats-d-afrique-de-judo-cadets-l-algerie-vice-championne-avec-17-medailles\/","title":{"rendered":"Championnats d&rsquo;Afrique de Judo (Cadets) : l&rsquo;Alg\u00e9rie vice-championne avec 17 m\u00e9dailles"},"content":{"rendered":"<div>\n<div class=\"K2FeedImage\"><img decoding=\"async\" src=\"http:\/\/www.aps.dz\/media\/k2\/items\/cache\/fe316e4a05b658980828bbfe542179a3_S.jpg\" alt=\"Championnats d'Afrique de Judo (Cadets) : l'Alg\u00e9rie vice-championne avec 17 m\u00e9dailles\"><\/div>\n<div class=\"K2FeedIntroText\">\n<p>DAKAR &#8211; La s\u00e9lection alg\u00e9rienne (Gar\u00e7ons \/ Filles) de judo a d\u00e9croch\u00e9 la deuxi\u00e8me place au classement g\u00e9n\u00e9ral des Championnats d&rsquo;Afrique (cadets), cl\u00f4tur\u00e9s vendredi dans la capitale s\u00e9n\u00e9galaise Dakar, derri\u00e8re la Tunisie (1re), et devant l&rsquo;Egypte (3e).<\/p>\n<\/div>\n<div class=\"K2FeedFullText\">\n<p>Les Alg\u00e9riens ont d\u00e9coch\u00e9 17 m\u00e9dailles (4 or, 3 argent et 10 bronze), soit six de mieux que la Tunisie, mais c&rsquo;est cette derni\u00e8re qui a \u00e9t\u00e9 sacr\u00e9e, gr\u00e2ce notamment \u00e0 ses 5 or, bonifi\u00e9es par quatre autres breloques en argent et deux bronze, au moment o\u00f9 l&rsquo;Egypte a compl\u00e9t\u00e9 ce podium, avec 4 or, 3 argent et 8 bronze.<\/p>\n<p>Pour sa part, le Maroc a termin\u00e9 au pied du podium, avec 2 or et 1 bronze, alors que le S\u00e9n\u00e9gal, pays h\u00f4te du tournoi, s&rsquo;est content\u00e9 de la 5e place, avec 1 or, 3 argent et 4 bronze.<\/p>\n<p>Les m\u00e9dailles d&rsquo;or alg\u00e9riennes ont \u00e9t\u00e9 l&rsquo;ouvre de Mahdi Abdelatif Boubetra (-55 kg) et Mohamed Khadir (-81 kg) chez les gar\u00e7ons, ainsi que Melissa Khir\u00e8che (-40 kg) et Yassamine Djellab (-63 kg) chez les filles.<\/p>\n<p>De leur c\u00f4t\u00e9, Arselan Benhaoua (-73 kg) et Bessam Yahiaoui (-90 kg) se sont content\u00e9s de l&rsquo;argent, apr\u00e8s leurs d\u00e9faites respectives en finale, tout comme leur compatriote Loubna Nedja\u00ef, dans la cat\u00e9gorie des moins de 44 kg (filles).<\/p>\n<hr>\n<p><em><strong>Lire aussi:\u00a0<\/strong><\/em><a href=\"http:\/\/www.aps.dz\/sport\/89014-judo-championnats-d-afrique-2019-17-medailles-pour-l-algerie\">Judo\/Championnats d&rsquo;Afrique 2019: 17 m\u00e9dailles pour l&rsquo;Alg\u00e9rie<\/a><\/p>\n<hr>\n<p>Cette moisson a \u00e9t\u00e9 bonifi\u00e9e par dix m\u00e9dailles de bronze, obtenues par Mohamed Amine Bessa\u00ef (-50 kg), Aymen Salah Ould Sa\u00efdi (-60 kg), Amir Abderrahim Haddad (-66 kg), Mohamed Amine Sebit (-66 kg) et Raouf Hallaf (+90 kg) chez les gar\u00e7ons, ainsi que Djihane Boubidi (-48 kg), Nardjis Khacir (-52 kg), Rajae A\u00efssa-Mamoune (-57 kg), Racha Chahrazed Ramdane (-63 kg) et Nabila Benbelkacem (-70 kg).<\/p>\n<p>Avec vingt judokas engag\u00e9s (10 gar\u00e7ons et 10 filles), l&rsquo;Alg\u00e9rie a \u00e9t\u00e9 le pays le mieux repr\u00e9sent\u00e9 dans ces championnats d&rsquo;Afrique 2019 des cadets, devant l&rsquo;Egypte (18) et l&rsquo;Afrique du Sud (15).<\/p>\n<p>Outre les 17 m\u00e9daill\u00e9s suscit\u00e9s, les trois autres judokas alg\u00e9riens engag\u00e9s dans cette comp\u00e9tition sont Ka\u00efs Mahieddine Moudetere (-60 kg) chez les gar\u00e7ons et Manel Bourad (-57 kg) et Amina Benzemmouri (70 kg) chez les filles. Mais contrairement \u00e0 leurs compatriotes, ils n&rsquo;ont pas eu la chance d&rsquo;aller suffisamment loin pour monter sur le podium.<\/p>\n<p>Au total 96 judokas (55 gar\u00e7ons et 41 filles), repr\u00e9sentant 14 pays ont pris part \u00e0 cette comp\u00e9tition, disput\u00e9e les 2 et 3 mai dans la capitale s\u00e9n\u00e9galaise, Dakar.<\/p>\n<p>Outre l&rsquo;Alg\u00e9rie et le S\u00e9n\u00e9gal, pays organisateur de cette comp\u00e9tition, les 12 autres nations engag\u00e9es sont : Burkina Faso, Cameroun, Tchad, Egypte, Gabon, Gambie, C\u00f4te d&rsquo;Ivoire, Maroc, Afrique du Sud, Togo, Tunisie et Zimbabwe.<\/p>\n<\/div>\n<p><img loading=\"lazy\" decoding=\"async\" src=\"http:\/\/feeds.feedburner.com\/~r\/aps-sport\/~4\/sK40enRyHZQ\" height=\"1\" width=\"1\" alt=\"\"><\/div>\n<p>Auteur:<br \/>\n<a href=\"http:\/\/www.aps.dz\/sport\/89027-championnats-d-afrique-de-judo-cadets-l-algerie-vice-championne-avec-17-medailles?utm_source=feedburner&#038;utm_medium=feed&#038;utm_campaign=Feed%3A+aps-sport+%28APS+-+SPORT%29\">Cliquez ici pour lire l&rsquo;article depuis sa source.<\/a><\/p>\n","protected":false},"excerpt":{"rendered":"<p>DAKAR &#8211; La s\u00e9lection alg\u00e9rienne (Gar\u00e7ons \/ Filles) de judo a d\u00e9croch\u00e9 la deuxi\u00e8me place au classement g\u00e9n\u00e9ral des Championnats d&rsquo;Afrique (cadets), cl\u00f4tur\u00e9s vendredi dans la capitale s\u00e9n\u00e9galaise Dakar, derri\u00e8re la Tunisie (1re), et devant l&rsquo;Egypte (3e). Les Alg\u00e9riens ont d\u00e9coch\u00e9 17 m\u00e9dailles (4 or, 3 argent et 10 bronze), soit six de mieux que [&hellip;]<\/p>\n","protected":false},"author":1790,"featured_media":32098,"comment_status":"closed","ping_status":"closed","sticky":false,"template":"","format":"standard","meta":{"fifu_image_url":"","fifu_image_alt":"","footnotes":""},"categories":[53,75],"tags":[],"class_list":["post-32097","post","type-post","status-publish","format-standard","has-post-thumbnail","hentry","category-algerie","category-sport"],"_links":{"self":[{"href":"https:\/\/linitiative.ca\/International\/wp-json\/wp\/v2\/posts\/32097","targetHints":{"allow":["GET"]}}],"collection":[{"href":"https:\/\/linitiative.ca\/International\/wp-json\/wp\/v2\/posts"}],"about":[{"href":"https:\/\/linitiative.ca\/International\/wp-json\/wp\/v2\/types\/post"}],"author":[{"embeddable":true,"href":"https:\/\/linitiative.ca\/International\/wp-json\/wp\/v2\/users\/1790"}],"replies":[{"embeddable":true,"href":"https:\/\/linitiative.ca\/International\/wp-json\/wp\/v2\/comments?post=32097"}],"version-history":[{"count":0,"href":"https:\/\/linitiative.ca\/International\/wp-json\/wp\/v2\/posts\/32097\/revisions"}],"wp:featuredmedia":[{"embeddable":true,"href":"https:\/\/linitiative.ca\/International\/wp-json\/"}],"wp:attachment":[{"href":"https:\/\/linitiative.ca\/International\/wp-json\/wp\/v2\/media?parent=32097"}],"wp:term":[{"taxonomy":"category","embeddable":true,"href":"https:\/\/linitiative.ca\/International\/wp-json\/wp\/v2\/categories?post=32097"},{"taxonomy":"post_tag","embeddable":true,"href":"https:\/\/linitiative.ca\/International\/wp-json\/wp\/v2\/tags?post=32097"}],"curies":[{"name":"wp","href":"https:\/\/api.w.org\/{rel}","templated":true}]}}