{"id":32106,"date":"2019-05-04T13:20:00","date_gmt":"2019-05-04T17:20:00","guid":{"rendered":"https:\/\/linitiative.ca\/International\/incarceration-de-isaad-rebrab-une-demande-de-liberation-sera-examinee-aujourdhui\/"},"modified":"2019-05-04T13:20:00","modified_gmt":"2019-05-04T17:20:00","slug":"incarceration-de-isaad-rebrab-une-demande-de-liberation-sera-examinee-aujourdhui","status":"publish","type":"post","link":"https:\/\/linitiative.ca\/International\/incarceration-de-isaad-rebrab-une-demande-de-liberation-sera-examinee-aujourdhui\/","title":{"rendered":"INCARCERATION DE ISAAD REBRAB : Une demande de lib\u00e9ration sera examin\u00e9e aujourd\u2019hui"},"content":{"rendered":"<p><br id=\"sep_para_1\" class=\"sep_para access\"\/><\/p>\n<div id=\"para_1\" class=\"para_30752858 resize\">\n<div class=\"texte access firstletter\">Le patron du groupe Cevital, Isaad Rebrab, incarc\u00e9r\u00e9 \u00e0 la prison d\u2019El Harrach depuis le 23 avril dernier, pour\u00a0 des soup\u00e7ons de \u00abfausse d\u00e9claration concernant le mouvement de capitaux de et vers l\u2019\u00e9tranger, surfacturation, importation de mat\u00e9riel usag\u00e9 en d\u00e9pit de l\u2019octroi d\u2019avantages bancaires, fiscaux et douaniers (destin\u00e9s au mat\u00e9riel neuf)\u00bb, pourrait b\u00e9n\u00e9ficier d\u2019une libert\u00e9 provisoire. En effet, le collectif d\u2019avocats charg\u00e9 de son affaire, a introduit une demande de lib\u00e9ration qui sera examin\u00e9e aujourd\u2019hui, dimanche par la chambre d\u2019accusation du tribunal d\u2019Alger. La famille, les soutiens et les avocats de l\u2019homme le plus riche d\u2019Alg\u00e9rie, patron du premier groupe priv\u00e9 du pays, mettent en avant le fait qu\u2019il soit \u00e2g\u00e9 de 75 ans et qu\u2019il souffre de diab\u00e8te. Depuis sa mise sous mandat de d\u00e9p\u00f4t, plusieurs marches populaires de soutien ont \u00e9t\u00e9 organis\u00e9es \u00e0 Tizi Ouzou mais surtout \u00e0 Bejaia o\u00f9 est implant\u00e9 son complexe des huiles Cevital.\u00a0\u00a0\u00a0\u00a0\u00a0\u00a0\u00a0\u00a0\u00a0\u00a0\u00a0\u00a0\u00a0\u00a0\u00a0\u00a0<\/div>\n<\/div>\n<p>Auteur: Nadine<br \/>\n<a href=\"https:\/\/www.reflexiondz.net\/INCARCERATION-DE-ISAAD-REBRAB-Une-demande-de-liberation-sera-examinee-aujourd-hui_a55698.html\">Cliquez ici pour lire l&rsquo;article depuis sa source.<\/a><\/p>\n","protected":false},"excerpt":{"rendered":"<p>Le patron du groupe Cevital, Isaad Rebrab, incarc\u00e9r\u00e9 \u00e0 la prison d\u2019El Harrach depuis le 23 avril dernier, pour\u00a0 des soup\u00e7ons de \u00abfausse d\u00e9claration concernant le mouvement de capitaux de et vers l\u2019\u00e9tranger, surfacturation, importation de mat\u00e9riel usag\u00e9 en d\u00e9pit de l\u2019octroi d\u2019avantages bancaires, fiscaux et douaniers (destin\u00e9s au mat\u00e9riel neuf)\u00bb, pourrait b\u00e9n\u00e9ficier d\u2019une libert\u00e9 [&hellip;]<\/p>\n","protected":false},"author":1740,"featured_media":0,"comment_status":"closed","ping_status":"closed","sticky":false,"template":"","format":"standard","meta":{"fifu_image_url":"","fifu_image_alt":"","footnotes":""},"categories":[53,76],"tags":[],"class_list":["post-32106","post","type-post","status-publish","format-standard","hentry","category-algerie","category-regions"],"_links":{"self":[{"href":"https:\/\/linitiative.ca\/International\/wp-json\/wp\/v2\/posts\/32106","targetHints":{"allow":["GET"]}}],"collection":[{"href":"https:\/\/linitiative.ca\/International\/wp-json\/wp\/v2\/posts"}],"about":[{"href":"https:\/\/linitiative.ca\/International\/wp-json\/wp\/v2\/types\/post"}],"author":[{"embeddable":true,"href":"https:\/\/linitiative.ca\/International\/wp-json\/wp\/v2\/users\/1740"}],"replies":[{"embeddable":true,"href":"https:\/\/linitiative.ca\/International\/wp-json\/wp\/v2\/comments?post=32106"}],"version-history":[{"count":0,"href":"https:\/\/linitiative.ca\/International\/wp-json\/wp\/v2\/posts\/32106\/revisions"}],"wp:attachment":[{"href":"https:\/\/linitiative.ca\/International\/wp-json\/wp\/v2\/media?parent=32106"}],"wp:term":[{"taxonomy":"category","embeddable":true,"href":"https:\/\/linitiative.ca\/International\/wp-json\/wp\/v2\/categories?post=32106"},{"taxonomy":"post_tag","embeddable":true,"href":"https:\/\/linitiative.ca\/International\/wp-json\/wp\/v2\/tags?post=32106"}],"curies":[{"name":"wp","href":"https:\/\/api.w.org\/{rel}","templated":true}]}}