{"id":32112,"date":"2019-05-04T13:27:00","date_gmt":"2019-05-04T17:27:00","guid":{"rendered":"https:\/\/linitiative.ca\/International\/ouyahia-a-offert-75-millions-de-dollars-aux-kouninef\/"},"modified":"2019-05-04T13:27:00","modified_gmt":"2019-05-04T17:27:00","slug":"ouyahia-a-offert-75-millions-de-dollars-aux-kouninef","status":"publish","type":"post","link":"https:\/\/linitiative.ca\/International\/ouyahia-a-offert-75-millions-de-dollars-aux-kouninef\/","title":{"rendered":"Ouyahia a offert 75 millions  de dollars aux Kouninef"},"content":{"rendered":"<p><br id=\"sep_para_1\" class=\"sep_para access\"\/><\/p>\n<div id=\"para_1\" class=\"para_30752872 resize\">\n<div class=\"texte access firstletter\">Un mois avant le d\u00e9clenchement de la r\u00e9volution populaire pacifique le 22 f\u00e9vrier dernier, Ahmed Ouyahia avait sign\u00e9 une d\u00e9cision qui le m\u00e8nera certainement au banc des accus\u00e9s. Sollicit\u00e9 par les fr\u00e8res Kouninef, l\u2019ex-Premier ministre avait d\u00e9cid\u00e9 \u2013 lors d\u2019une r\u00e9union du Conseil des participations de l\u2019\u00c9tat, consacr\u00e9 \u00e0 la r\u00e9\u00e9valuation de leur projet de trituration de graines ol\u00e9agineuses \u00e0 Jijel \u2013 d\u2019injecter 10 milliards de dinars (75 millions de dollars) puis\u00e9s du Tr\u00e9sor public ! \u00e0 l\u2019une de leurs soci\u00e9t\u00e9s pour compenser ses pertes financi\u00e8res. Ainsi, en janvier 2019, l\u2019ex-Premier ministre avait, selon El Khabar, d\u00e9cid\u00e9 de financer les pertes de l\u2019un des projets des Kouninef, r\u00e9alis\u00e9 par la soci\u00e9t\u00e9 Nutris. La fratrie avait demand\u00e9 une prise en charge pour compenser les pertes induites par la chute de la valeur du dinar et les turbulences du march\u00e9 de change.<\/div>\n<\/div>\n<p>Auteur: R\u00e9flexion<br \/>\n<a href=\"https:\/\/www.reflexiondz.net\/Ouyahia-a-offert-75-millions-de-dollars-aux-Kouninef_a55700.html\">Cliquez ici pour lire l&rsquo;article depuis sa source.<\/a><\/p>\n","protected":false},"excerpt":{"rendered":"<p>Un mois avant le d\u00e9clenchement de la r\u00e9volution populaire pacifique le 22 f\u00e9vrier dernier, Ahmed Ouyahia avait sign\u00e9 une d\u00e9cision qui le m\u00e8nera certainement au banc des accus\u00e9s. Sollicit\u00e9 par les fr\u00e8res Kouninef, l\u2019ex-Premier ministre avait d\u00e9cid\u00e9 \u2013 lors d\u2019une r\u00e9union du Conseil des participations de l\u2019\u00c9tat, consacr\u00e9 \u00e0 la r\u00e9\u00e9valuation de leur projet de [&hellip;]<\/p>\n","protected":false},"author":1740,"featured_media":0,"comment_status":"closed","ping_status":"closed","sticky":false,"template":"","format":"standard","meta":{"fifu_image_url":"","fifu_image_alt":"","footnotes":""},"categories":[53,76],"tags":[],"class_list":["post-32112","post","type-post","status-publish","format-standard","hentry","category-algerie","category-regions"],"_links":{"self":[{"href":"https:\/\/linitiative.ca\/International\/wp-json\/wp\/v2\/posts\/32112","targetHints":{"allow":["GET"]}}],"collection":[{"href":"https:\/\/linitiative.ca\/International\/wp-json\/wp\/v2\/posts"}],"about":[{"href":"https:\/\/linitiative.ca\/International\/wp-json\/wp\/v2\/types\/post"}],"author":[{"embeddable":true,"href":"https:\/\/linitiative.ca\/International\/wp-json\/wp\/v2\/users\/1740"}],"replies":[{"embeddable":true,"href":"https:\/\/linitiative.ca\/International\/wp-json\/wp\/v2\/comments?post=32112"}],"version-history":[{"count":0,"href":"https:\/\/linitiative.ca\/International\/wp-json\/wp\/v2\/posts\/32112\/revisions"}],"wp:attachment":[{"href":"https:\/\/linitiative.ca\/International\/wp-json\/wp\/v2\/media?parent=32112"}],"wp:term":[{"taxonomy":"category","embeddable":true,"href":"https:\/\/linitiative.ca\/International\/wp-json\/wp\/v2\/categories?post=32112"},{"taxonomy":"post_tag","embeddable":true,"href":"https:\/\/linitiative.ca\/International\/wp-json\/wp\/v2\/tags?post=32112"}],"curies":[{"name":"wp","href":"https:\/\/api.w.org\/{rel}","templated":true}]}}