{"id":32114,"date":"2019-05-04T14:54:00","date_gmt":"2019-05-04T18:54:00","guid":{"rendered":"https:\/\/linitiative.ca\/International\/stidia-saisie-de-06-kilogrammes-de-poudre-noire\/"},"modified":"2019-05-04T14:54:00","modified_gmt":"2019-05-04T18:54:00","slug":"stidia-saisie-de-06-kilogrammes-de-poudre-noire","status":"publish","type":"post","link":"https:\/\/linitiative.ca\/International\/stidia-saisie-de-06-kilogrammes-de-poudre-noire\/","title":{"rendered":"STIDIA : Saisie de 06 kilogrammes de poudre noire"},"content":{"rendered":"<p><br id=\"sep_para_1\" class=\"sep_para access\"\/><\/p>\n<div id=\"para_1\" class=\"para_30753748 resize\">\n<div class=\"photo shadow left\"><a href=\"javascript:void(0)\" rel=\"https:\/\/www.reflexiondz.net\/photo\/art\/grande\/33337095-30753748.jpg?v=1556997495&#038;ibox\" title=\"STIDIA : Saisie de 06 kilogrammes de poudre noire\"><img decoding=\"async\" class=\"responsive c9\" src=\"https:\/\/www.reflexiondz.net\/photo\/art\/grande\/33337095-30753748.jpg?v=1556997495\" alt=\"STIDIA : Saisie de 06 kilogrammes de poudre noire\" title=\"STIDIA : Saisie de 06 kilogrammes de poudre noire\"\/><img decoding=\"async\" class=\"not-responsive\" src=\"https:\/\/www.reflexiondz.net\/photo\/art\/default\/33337095-30753748.jpg?v=1556997497\" alt=\"STIDIA : Saisie de 06 kilogrammes de poudre noire\" title=\"STIDIA : Saisie de 06 kilogrammes de poudre noire\"\/><\/a><\/div>\n<div class=\"texte access firstletter\">En application du plan d\u2019action du commandant du groupement\u00a0 territorial de la gendarmerie nationale de Mostaganem, relatif \u00e0 la lutte contre la criminalit\u00e9 et l\u2019\u00e9radication de tous ses foyers sous toutes ses formes,\u00a0 et suite \u00e0 l\u2019exploitation d\u2019informations re\u00e7ues, les \u00e9l\u00e9ments de la brigade territoriale de la gendarmerie nationale de Stidia , sont parvenus en date du 29 Avril 2019\u00a0 \u00e0 10 heures 46 minutes en matin\u00e9e \u00e0 saisir une importante quantit\u00e9 de 06 kilogrammes de poudre noire \u2018\u2019baroud\u2019\u2019 , dissimul\u00e9s\u00a0 au sein d\u2019un v\u00e9hicule utilitaire de marque Peugeot et de type Boxer.\u00a0 L\u2019op\u00e9ration a permis \u00e9galement de d\u00e9couvrir\u00a0 un atelier\u00a0 clandestin de fabrication et\u00a0 de r\u00e9cup\u00e9rer tous les \u00e9quipements utilis\u00e9s\u00a0\u00a0 dans\u00a0 la composition\u00a0 de ce produit\u00a0 si dangereux de par ses multiples usages.\u00a0 Notons que 04 individus ont \u00e9t\u00e9 arr\u00eat\u00e9s et pr\u00e9sent\u00e9s au devant des autorit\u00e9s judiciaires, qui ont ordonn\u00e9 la mise en d\u00e9tention pr\u00e9ventive de l\u2019un des mis en cause et\u00a0 la mise sous contr\u00f4le judiciaire du reste\u00a0 de la bande.\u00a0\u00a0\u00a0\u00a0\u00a0\u00a0\u00a0\u00a0\u00a0\u00a0\u00a0\u00a0\u00a0\u00a0\u00a0\u00a0\u00a0\u00a0\u00a0\u00a0\u00a0\u00a0\u00a0\u00a0\u00a0\u00a0\u00a0<\/div>\n<\/div>\n<p>Auteur: Smain<br \/>\n<a href=\"https:\/\/www.reflexiondz.net\/STIDIA-Saisie-de-06-kilogrammes-de-poudre-noire_a55702.html\">Cliquez ici pour lire l&rsquo;article depuis sa source.<\/a><\/p>\n","protected":false},"excerpt":{"rendered":"<p>En application du plan d\u2019action du commandant du groupement\u00a0 territorial de la gendarmerie nationale de Mostaganem, relatif \u00e0 la lutte contre la criminalit\u00e9 et l\u2019\u00e9radication de tous ses foyers sous toutes ses formes,\u00a0 et suite \u00e0 l\u2019exploitation d\u2019informations re\u00e7ues, les \u00e9l\u00e9ments de la brigade territoriale de la gendarmerie nationale de Stidia , sont parvenus en [&hellip;]<\/p>\n","protected":false},"author":1740,"featured_media":0,"comment_status":"closed","ping_status":"closed","sticky":false,"template":"","format":"standard","meta":{"fifu_image_url":"","fifu_image_alt":"","footnotes":""},"categories":[53,76],"tags":[],"class_list":["post-32114","post","type-post","status-publish","format-standard","hentry","category-algerie","category-regions"],"_links":{"self":[{"href":"https:\/\/linitiative.ca\/International\/wp-json\/wp\/v2\/posts\/32114","targetHints":{"allow":["GET"]}}],"collection":[{"href":"https:\/\/linitiative.ca\/International\/wp-json\/wp\/v2\/posts"}],"about":[{"href":"https:\/\/linitiative.ca\/International\/wp-json\/wp\/v2\/types\/post"}],"author":[{"embeddable":true,"href":"https:\/\/linitiative.ca\/International\/wp-json\/wp\/v2\/users\/1740"}],"replies":[{"embeddable":true,"href":"https:\/\/linitiative.ca\/International\/wp-json\/wp\/v2\/comments?post=32114"}],"version-history":[{"count":0,"href":"https:\/\/linitiative.ca\/International\/wp-json\/wp\/v2\/posts\/32114\/revisions"}],"wp:attachment":[{"href":"https:\/\/linitiative.ca\/International\/wp-json\/wp\/v2\/media?parent=32114"}],"wp:term":[{"taxonomy":"category","embeddable":true,"href":"https:\/\/linitiative.ca\/International\/wp-json\/wp\/v2\/categories?post=32114"},{"taxonomy":"post_tag","embeddable":true,"href":"https:\/\/linitiative.ca\/International\/wp-json\/wp\/v2\/tags?post=32114"}],"curies":[{"name":"wp","href":"https:\/\/api.w.org\/{rel}","templated":true}]}}