{"id":32129,"date":"2019-05-04T06:00:00","date_gmt":"2019-05-04T10:00:00","guid":{"rendered":"https:\/\/linitiative.ca\/International\/le-11e-vendredi-pour-exiger-errahil\/"},"modified":"2019-05-04T06:00:00","modified_gmt":"2019-05-04T10:00:00","slug":"le-11e-vendredi-pour-exiger-errahil","status":"publish","type":"post","link":"https:\/\/linitiative.ca\/International\/le-11e-vendredi-pour-exiger-errahil\/","title":{"rendered":"Le 11e vendredi pour exiger errahil"},"content":{"rendered":"<p>Des milliers de manifestants \u00e0 Sidi-Bel-Abb\u00e8s pour r\u00e9it\u00e9rer leurs revendications contre l\u2019ex-pouvoir et ceux qui lui ont fait all\u00e9geance ont d\u00e9ferl\u00e9 vers la place Carnot, symbole de la contestation pacifique que vit l\u2019Alg\u00e9rie depuis plus de 2 mois. A travers leurs slogans, les manifestants ont d\u00e9montr\u00e9 leur d\u00e9termination \u00e0 ne quitter la rue qu\u2019une fois que les contest\u00e9s soient partis. D\u2019ailleurs scandaient-ils : \u00abDjema\u00e2 moura Djema\u00e2, hata tarhlou ga\u00e2\u00bb (vendredi apr\u00e8s vendredi jusqu\u2019\u00e0 votre d\u00e9part). \u00abErahil, erahil\u00bb, criaient-ils \u00abBensalah marionnette, Bedoui sp\u00e9cialite en tazouir (falsification), lisait-on sur les banderoles. Fusaient de l\u00e0 et l\u00e0 des slogans hostiles \u00abLa nourid, la nourid ni Bedoui, ni Bensalah\u00bb. Bref, la d\u00e9termination des manifestants ne semble pas d\u00e9cro\u00eetre vu leur insistance vendredi apr\u00e8s vendredi.<br \/>A. M.<\/p>\n<p>Auteur:<br \/>\n<a href=\"https:\/\/www.lesoirdalgerie.com\/actualites\/le-11e-vendredi-pour-exiger-errahil-23305\">Cliquez ici pour lire l&rsquo;article depuis sa source.<\/a><\/p>\n","protected":false},"excerpt":{"rendered":"<p>Des milliers de manifestants \u00e0 Sidi-Bel-Abb\u00e8s pour r\u00e9it\u00e9rer leurs revendications contre l\u2019ex-pouvoir et ceux qui lui ont fait all\u00e9geance ont d\u00e9ferl\u00e9 vers la place Carnot, symbole de la contestation pacifique que vit l\u2019Alg\u00e9rie depuis plus de 2 mois. A travers leurs slogans, les manifestants ont d\u00e9montr\u00e9 leur d\u00e9termination \u00e0 ne quitter la rue qu\u2019une fois [&hellip;]<\/p>\n","protected":false},"author":1741,"featured_media":0,"comment_status":"closed","ping_status":"closed","sticky":false,"template":"","format":"standard","meta":{"fifu_image_url":"","fifu_image_alt":"","footnotes":""},"categories":[73,53],"tags":[],"class_list":["post-32129","post","type-post","status-publish","format-standard","hentry","category-actualite","category-algerie"],"_links":{"self":[{"href":"https:\/\/linitiative.ca\/International\/wp-json\/wp\/v2\/posts\/32129","targetHints":{"allow":["GET"]}}],"collection":[{"href":"https:\/\/linitiative.ca\/International\/wp-json\/wp\/v2\/posts"}],"about":[{"href":"https:\/\/linitiative.ca\/International\/wp-json\/wp\/v2\/types\/post"}],"author":[{"embeddable":true,"href":"https:\/\/linitiative.ca\/International\/wp-json\/wp\/v2\/users\/1741"}],"replies":[{"embeddable":true,"href":"https:\/\/linitiative.ca\/International\/wp-json\/wp\/v2\/comments?post=32129"}],"version-history":[{"count":0,"href":"https:\/\/linitiative.ca\/International\/wp-json\/wp\/v2\/posts\/32129\/revisions"}],"wp:attachment":[{"href":"https:\/\/linitiative.ca\/International\/wp-json\/wp\/v2\/media?parent=32129"}],"wp:term":[{"taxonomy":"category","embeddable":true,"href":"https:\/\/linitiative.ca\/International\/wp-json\/wp\/v2\/categories?post=32129"},{"taxonomy":"post_tag","embeddable":true,"href":"https:\/\/linitiative.ca\/International\/wp-json\/wp\/v2\/tags?post=32129"}],"curies":[{"name":"wp","href":"https:\/\/api.w.org\/{rel}","templated":true}]}}