{"id":32130,"date":"2019-05-04T06:00:00","date_gmt":"2019-05-04T10:00:00","guid":{"rendered":"https:\/\/linitiative.ca\/International\/une-marche-dediee-au-degagisme\/"},"modified":"2019-05-04T06:00:00","modified_gmt":"2019-05-04T10:00:00","slug":"une-marche-dediee-au-degagisme","status":"publish","type":"post","link":"https:\/\/linitiative.ca\/International\/une-marche-dediee-au-degagisme\/","title":{"rendered":"Une marche d\u00e9di\u00e9e au \u00abd\u00e9gagisme\u00bb"},"content":{"rendered":"<p>Ouf ! Ont pu, certainement, dire les sceptiques, habitu\u00e9s aux mar\u00e9es humaines des 10 derniers vendredis, craignant de voir la rue c\u00e9der \u00e0 la lassitude, et, par cons\u00e9quent, \u00e0 la d\u00e9mobilisation.<br \/>Mais il \u00e9tait dit que ce 11e rendez-vous avec la protesta citoyenne du vendredi ne sera pas diff\u00e9rent des pr\u00e9c\u00e9dents. Et on peut m\u00eame dire avec un brin d\u2019humour, au vu des slogans hostiles qui lui \u00e9taient d\u00e9di\u00e9s, que Ga\u00efd Salah a servi de \u00abk\u00e9ros\u00e8ne \u00e0 la mobilisation\u00bb, comme nous le confie avec ironie un ami m\u00e9decin crois\u00e9 dans la marche, heureux de voir de v\u00e9ritables fourn\u00e9es d\u2019hommes et de femmes se d\u00e9verser dans la rue pour prendre possession des grandes art\u00e8res de la ville des Gen\u00eats comme ce fut durant tous les vendredis depuis le 22 f\u00e9vrier dernier.<br \/>Du grand portail du campus Hasnaoua, d\u2019o\u00f9 s\u2019est \u00e9branl\u00e9e la marche, en traversant le parcours habituel qui aboutit \u00e0 la sortie ouest de la ville, les marcheurs \u00e9taient des milliers \u00e0 revenir \u00e0 la charge avec \u00e0 la bouche et \u00e9crits sur des banderoles et des pancartes : \u00abSyst\u00e8me d\u00e9gage !\u00bb, \u00abYetnahaou ga3 !\u00bb. Tous les hommes concern\u00e9s par cette injonction du peuple, des noms avec la photo correspondante, sont brocard\u00e9s, avec noms et photos sur des grands panneaux, et souvent, accompagn\u00e9s de messages qui ne sont pas tout \u00e0 fait glorieux. Mais celui qui aura cristallis\u00e9 les ranc\u0153urs et la col\u00e8re du peuple aura \u00e9t\u00e9 le vieux g\u00e9n\u00e9ral.<br \/>Le moins qu\u2019on puise dire est que Ga\u00efd Salah a eu pour son grade et en retour de ses messages d\u00e9bit\u00e9s chaque mardi. Des discours qui, visiblement, ne passent pas aupr\u00e8s de l\u2019opinion et produisent l\u2019effet inverse de celui attendu par les promoteurs de la communication du chef de l\u2019EMG de l\u2019ANP. \u00abGa\u00efd Salah, d\u00e9gage !\u00bb, entend-on crier dans un carr\u00e9 de manifestants. \u00abGa\u00efd Salah, la honte de l\u2019ANP\u00bb, \u00e9crivent des manifestants sur une grande banderole. \u00abL\u2019ANP est avec le peuple, Ga\u00efd Salah est avec la bande (Al 3isaba)\u00bb, lit-on sur une affiche port\u00e9e par un sexag\u00e9naire. \u00abL\u2019ANP est au peuple, Ga\u00efd Salah a trahi\u00bb, a-t-on pu encore observer. Mais la palme du meilleur slogan politique peut \u00eatre d\u00e9cern\u00e9e \u00e0 cette jeune m\u00e8re de famille accompagn\u00e9e des ses enfants. \u00abAssez des arrestations simulacres et pr\u00e9fabriqu\u00e9es ! Assez de la justice des r\u00e8glements de comptes ! Non aux \u00e9lections qui sauveront le syst\u00e8me !\u00bb, clame la dame sur un carton.<br \/>Un message qui r\u00e9sume et qui en dit long sur le refus des solutions propos\u00e9es par les tenants de la d\u00e9cision, \u00e0 leur t\u00eate le chef des arm\u00e9es pour trouver une solution \u00e0 l\u2019impasse politique.<br \/>S. A. M.<\/p>\n<p>Auteur:<br \/>\n<a href=\"https:\/\/www.lesoirdalgerie.com\/actualites\/une-marche-dediee-au-degagisme-23304\">Cliquez ici pour lire l&rsquo;article depuis sa source.<\/a><\/p>\n","protected":false},"excerpt":{"rendered":"<p>Ouf ! Ont pu, certainement, dire les sceptiques, habitu\u00e9s aux mar\u00e9es humaines des 10 derniers vendredis, craignant de voir la rue c\u00e9der \u00e0 la lassitude, et, par cons\u00e9quent, \u00e0 la d\u00e9mobilisation.Mais il \u00e9tait dit que ce 11e rendez-vous avec la protesta citoyenne du vendredi ne sera pas diff\u00e9rent des pr\u00e9c\u00e9dents. Et on peut m\u00eame dire [&hellip;]<\/p>\n","protected":false},"author":1741,"featured_media":0,"comment_status":"closed","ping_status":"closed","sticky":false,"template":"","format":"standard","meta":{"fifu_image_url":"","fifu_image_alt":"","footnotes":""},"categories":[73,53],"tags":[],"class_list":["post-32130","post","type-post","status-publish","format-standard","hentry","category-actualite","category-algerie"],"_links":{"self":[{"href":"https:\/\/linitiative.ca\/International\/wp-json\/wp\/v2\/posts\/32130","targetHints":{"allow":["GET"]}}],"collection":[{"href":"https:\/\/linitiative.ca\/International\/wp-json\/wp\/v2\/posts"}],"about":[{"href":"https:\/\/linitiative.ca\/International\/wp-json\/wp\/v2\/types\/post"}],"author":[{"embeddable":true,"href":"https:\/\/linitiative.ca\/International\/wp-json\/wp\/v2\/users\/1741"}],"replies":[{"embeddable":true,"href":"https:\/\/linitiative.ca\/International\/wp-json\/wp\/v2\/comments?post=32130"}],"version-history":[{"count":0,"href":"https:\/\/linitiative.ca\/International\/wp-json\/wp\/v2\/posts\/32130\/revisions"}],"wp:attachment":[{"href":"https:\/\/linitiative.ca\/International\/wp-json\/wp\/v2\/media?parent=32130"}],"wp:term":[{"taxonomy":"category","embeddable":true,"href":"https:\/\/linitiative.ca\/International\/wp-json\/wp\/v2\/categories?post=32130"},{"taxonomy":"post_tag","embeddable":true,"href":"https:\/\/linitiative.ca\/International\/wp-json\/wp\/v2\/tags?post=32130"}],"curies":[{"name":"wp","href":"https:\/\/api.w.org\/{rel}","templated":true}]}}