{"id":32131,"date":"2019-05-04T06:00:00","date_gmt":"2019-05-04T10:00:00","guid":{"rendered":"https:\/\/linitiative.ca\/International\/systeme-a-la-trappe\/"},"modified":"2019-05-04T06:00:00","modified_gmt":"2019-05-04T10:00:00","slug":"systeme-a-la-trappe","status":"publish","type":"post","link":"https:\/\/linitiative.ca\/International\/systeme-a-la-trappe\/","title":{"rendered":"\u00abSyst\u00e8me \u00e0 la trappe\u00bb"},"content":{"rendered":"<p>Des milliers de S\u00e9tifiens ont manifest\u00e9, hier, apr\u00e8s la grande pri\u00e8re hebdomadaire, pour exiger le d\u00e9part de tout le syst\u00e8me et r\u00e9it\u00e9rer leur rejet massif du plan du pouvoir d\u2019organiser des \u00e9lections le 4 juillet sans tenir compte de la volont\u00e9 du peuple.<br \/>En ce 11e vendredi de protestations, la mobilisation des S\u00e9tifiens est toujours aussi intacte que les semaines pr\u00e9c\u00e9dentes. Les manifestants r\u00e9clament l\u2019application des articles 7 et 8 de la Constitution, autrement dit, la restitution du pouvoir au peuple. Les S\u00e9tifiens rejettent \u00e9galement l\u2019\u00e9lection pr\u00e9sidentielle et le dialogue avec Bensalah et Bedoui. \u00abLe peuple ne veut pas de Ga\u00efd Salah et de Sa\u00efd\u00bb, scandent les manifestants, qui d\u00e9noncent le double discours de Ga\u00efd Salah.<br \/>\u00abOn ne peut plus faire confiance \u00e0 Ga\u00efd Salah. D\u2019un c\u00f4t\u00e9, il affirme que la souverainet\u00e9 doit revenir au peuple et, de l\u2019autre, il d\u00e9clare que toutes les d\u00e9marches \u00e0 entreprendre et toutes les d\u00e9cisions \u00e0 prendre ne doivent pas sortir du cadre constitutionnel, c&rsquo;est-\u00e0-dire d\u2019appliquer la Constitution. Cette Constitution qu\u2019il a lui-m\u00eame viol\u00e9e \u00e0 plusieurs reprises\u00bb, affirment des manifestants.<br \/>Plusieurs banderoles aux slogans hostiles au pouvoir, telles que \u00abSyst\u00e8me d\u00e9gage\u00bb, ont \u00e9t\u00e9 brandies, pour ce 11e vendredi. En plus du d\u00e9part de Bensalah et de Bedoui et leurs deux partis politiques alli\u00e9s, le FLN et le RND, les S\u00e9tifiens exigent, encore une fois, l\u2019arrestation des membres de la bande comme Sa\u00efd Bouteflika et Ahmed Ouyahia. \u00ab On s\u2019\u00e9tonne vraiment qu\u2019avec toutes les preuves r\u00e9colt\u00e9es sur les pratiques maffieuses des gens du clan comme Sa\u00efd Bouteflika, Ahmed Ouyahia ou d\u2019autres hauts responsables, qu\u2019on ne puisse pas les arr\u00eater et les traduire devant la justice. Sont-ils toujours aussi puissants qu\u2019avant ou bien sont-ils toujours au pouvoir et ce sont eux qui tirent les ficelles ?\u00bb s\u2019interrogent les S\u00e9tifiens. Ces derniers promettent de ne pas baisser les bras et de continuer le combat jusqu\u2019\u00e0 la satisfaction de toutes leurs revendications.<br \/>\u00abLe pouvoir actuel, qui fait tout pour briser cet important mouvement de protestation populaire, croit que notre mobilisation va baisser durant le mois de Ramadhan. Mais il se trompe. On ne va pas s\u2019arr\u00eater, nous allons sortir durant le Ramadhan. Il oublie que Ramadhan est le mois sacr\u00e9 de la foi et de l\u2019engagement. Cette foi va donc nous donner force et \u00e9nergie pour faire d\u00e9gager tout le syst\u00e8me ripoux et corrompu\u00bb, diront des S\u00e9tifiens plus d\u00e9termin\u00e9s que jamais<br \/>Imed Sellami<\/p>\n<p>Auteur:<br \/>\n<a href=\"https:\/\/www.lesoirdalgerie.com\/actualites\/systeme-a-la-trappe-23303\">Cliquez ici pour lire l&rsquo;article depuis sa source.<\/a><\/p>\n","protected":false},"excerpt":{"rendered":"<p>Des milliers de S\u00e9tifiens ont manifest\u00e9, hier, apr\u00e8s la grande pri\u00e8re hebdomadaire, pour exiger le d\u00e9part de tout le syst\u00e8me et r\u00e9it\u00e9rer leur rejet massif du plan du pouvoir d\u2019organiser des \u00e9lections le 4 juillet sans tenir compte de la volont\u00e9 du peuple.En ce 11e vendredi de protestations, la mobilisation des S\u00e9tifiens est toujours aussi [&hellip;]<\/p>\n","protected":false},"author":1741,"featured_media":0,"comment_status":"closed","ping_status":"closed","sticky":false,"template":"","format":"standard","meta":{"fifu_image_url":"","fifu_image_alt":"","footnotes":""},"categories":[73,53],"tags":[],"class_list":["post-32131","post","type-post","status-publish","format-standard","hentry","category-actualite","category-algerie"],"_links":{"self":[{"href":"https:\/\/linitiative.ca\/International\/wp-json\/wp\/v2\/posts\/32131","targetHints":{"allow":["GET"]}}],"collection":[{"href":"https:\/\/linitiative.ca\/International\/wp-json\/wp\/v2\/posts"}],"about":[{"href":"https:\/\/linitiative.ca\/International\/wp-json\/wp\/v2\/types\/post"}],"author":[{"embeddable":true,"href":"https:\/\/linitiative.ca\/International\/wp-json\/wp\/v2\/users\/1741"}],"replies":[{"embeddable":true,"href":"https:\/\/linitiative.ca\/International\/wp-json\/wp\/v2\/comments?post=32131"}],"version-history":[{"count":0,"href":"https:\/\/linitiative.ca\/International\/wp-json\/wp\/v2\/posts\/32131\/revisions"}],"wp:attachment":[{"href":"https:\/\/linitiative.ca\/International\/wp-json\/wp\/v2\/media?parent=32131"}],"wp:term":[{"taxonomy":"category","embeddable":true,"href":"https:\/\/linitiative.ca\/International\/wp-json\/wp\/v2\/categories?post=32131"},{"taxonomy":"post_tag","embeddable":true,"href":"https:\/\/linitiative.ca\/International\/wp-json\/wp\/v2\/tags?post=32131"}],"curies":[{"name":"wp","href":"https:\/\/api.w.org\/{rel}","templated":true}]}}