{"id":32133,"date":"2019-05-04T06:00:00","date_gmt":"2019-05-04T10:00:00","guid":{"rendered":"https:\/\/linitiative.ca\/International\/au-11e-vendredi-la-contestation-ne-faiblit-pas\/"},"modified":"2019-05-04T06:00:00","modified_gmt":"2019-05-04T10:00:00","slug":"au-11e-vendredi-la-contestation-ne-faiblit-pas","status":"publish","type":"post","link":"https:\/\/linitiative.ca\/International\/au-11e-vendredi-la-contestation-ne-faiblit-pas\/","title":{"rendered":"Au 11e vendredi, la contestation ne faiblit pas"},"content":{"rendered":"<p>Les citoyens \u00e9taient des milliers aussi ce 11e vendredi \u00e0 occuper la rue, \u00e0 marcher dans les grandes art\u00e8res de la capitale ch\u00e9lifienne pour exprimer leur refus irr\u00e9versible du syst\u00e8me en place.<br \/>Ce fut surtout le tandem Bedoui et son gouvernement ainsi que Bensalah qui ont \u00e9t\u00e9 la cible des slogans lanc\u00e9s par des milliers de voix \u00e0 l&rsquo;unisson \u00ab D\u00e9gagez ! Nous serons toujours l\u00e0 jusqu\u2019\u00e0 ce que vous partiez\u00bb. La foule tr\u00e8s nombreuse compos\u00e9e de citoyens, de toutes les cat\u00e9gories socioprofessionnelles, des hommes, des femmes, des \u00e9tudiants, des avocats n&rsquo;ont pas cess\u00e9 de scander \u00ab Nous sommes venus pour \u00e9radiquer la bande de voleurs du peuple \u00bb tels ont \u00e9t\u00e9 entre autres, les slogans lanc\u00e9s par les contestataires, slogans entrecoup\u00e9s de youyous pouss\u00e9s par des jeunes filles. &#8211; \u00ab D\u00e9sormais, c&rsquo;est le peuple qui d\u00e9cide ! \u00bbDes femmes se sont jur\u00e9 d\u2019\u00eatre l\u00e0 tous les vendredis pour d\u00e9noncer les responsables \u00ab Vous avez ruin\u00e9 notre Alg\u00e9rie, vous avez vol\u00e9 les richesses du peuple ! D\u00e9gagez !\u00bb Apr\u00e8s des heures de marche pacifique dans le centre de la ville, la foule s&rsquo;est dispers\u00e9e dans le calme mais sous l&rsquo;\u0153il vigilant des services de s\u00e9curit\u00e9.<br \/>Karim O.<\/p>\n<p>Auteur:<br \/>\n<a href=\"https:\/\/www.lesoirdalgerie.com\/actualites\/au-11e-vendredi-la-contestation-ne-faiblit-pas-23301\">Cliquez ici pour lire l&rsquo;article depuis sa source.<\/a><\/p>\n","protected":false},"excerpt":{"rendered":"<p>Les citoyens \u00e9taient des milliers aussi ce 11e vendredi \u00e0 occuper la rue, \u00e0 marcher dans les grandes art\u00e8res de la capitale ch\u00e9lifienne pour exprimer leur refus irr\u00e9versible du syst\u00e8me en place.Ce fut surtout le tandem Bedoui et son gouvernement ainsi que Bensalah qui ont \u00e9t\u00e9 la cible des slogans lanc\u00e9s par des milliers de [&hellip;]<\/p>\n","protected":false},"author":1741,"featured_media":0,"comment_status":"closed","ping_status":"closed","sticky":false,"template":"","format":"standard","meta":{"fifu_image_url":"","fifu_image_alt":"","footnotes":""},"categories":[73,53],"tags":[],"class_list":["post-32133","post","type-post","status-publish","format-standard","hentry","category-actualite","category-algerie"],"_links":{"self":[{"href":"https:\/\/linitiative.ca\/International\/wp-json\/wp\/v2\/posts\/32133","targetHints":{"allow":["GET"]}}],"collection":[{"href":"https:\/\/linitiative.ca\/International\/wp-json\/wp\/v2\/posts"}],"about":[{"href":"https:\/\/linitiative.ca\/International\/wp-json\/wp\/v2\/types\/post"}],"author":[{"embeddable":true,"href":"https:\/\/linitiative.ca\/International\/wp-json\/wp\/v2\/users\/1741"}],"replies":[{"embeddable":true,"href":"https:\/\/linitiative.ca\/International\/wp-json\/wp\/v2\/comments?post=32133"}],"version-history":[{"count":0,"href":"https:\/\/linitiative.ca\/International\/wp-json\/wp\/v2\/posts\/32133\/revisions"}],"wp:attachment":[{"href":"https:\/\/linitiative.ca\/International\/wp-json\/wp\/v2\/media?parent=32133"}],"wp:term":[{"taxonomy":"category","embeddable":true,"href":"https:\/\/linitiative.ca\/International\/wp-json\/wp\/v2\/categories?post=32133"},{"taxonomy":"post_tag","embeddable":true,"href":"https:\/\/linitiative.ca\/International\/wp-json\/wp\/v2\/tags?post=32133"}],"curies":[{"name":"wp","href":"https:\/\/api.w.org\/{rel}","templated":true}]}}