{"id":32135,"date":"2019-05-04T06:00:00","date_gmt":"2019-05-04T10:00:00","guid":{"rendered":"https:\/\/linitiative.ca\/International\/la-meme-revendication-yetnahaw-gaa\/"},"modified":"2019-05-04T06:00:00","modified_gmt":"2019-05-04T10:00:00","slug":"la-meme-revendication-yetnahaw-gaa","status":"publish","type":"post","link":"https:\/\/linitiative.ca\/International\/la-meme-revendication-yetnahaw-gaa\/","title":{"rendered":"La m\u00eame revendication : \u00abYetnahaw ga\u00e2\u00bb"},"content":{"rendered":"<p>Onzi\u00e8me vendredi avant le d\u00e9but du mois de Ramadhan, de milliers de manifestants \u00e0 Mostaganem dans une parfaite harmonie sont sortis pour faire entendre leurs voix et r\u00e9clamer le d\u00e9mant\u00e8lement de tout le syst\u00e8me.<br \/>La marche a commenc\u00e9 comme lors des dixi\u00e8mes pr\u00e9c\u00e9dents vendredis \u00e0 la fin de la pri\u00e8re de El Djoumou3a dans le calme avec la m\u00eame revendication formul\u00e9e au quotidien par tous les manifestants : le d\u00e9part du syst\u00e8me. Malgr\u00e9 une journ\u00e9e pluvieuse, les manifestants hommes, femmes, jeunes, personnes \u00e2g\u00e9es et des familles toutes enti\u00e8res ont commenc\u00e9 \u00e0 se rassembler avec une ambiance d\u00e9tendue \u00e0 l\u2019esplanade de la mairie, avec comme \u00e0 chaque fois un dispositif des services de police habituel. C\u2019est \u00e0 partir du mausol\u00e9e de Sidi-Sa\u00efd, saint patron de la ville de Mostaganem, que la marche s\u2019improvise avant le d\u00e9marrage de la foule qui a march\u00e9 vers les principaux boulevards de la ville. Et tout s\u2019est d\u00e9roul\u00e9 comme d\u2019habitude, une manifestation pacifique avec les slogans hostiles au pouvoir et des pancartes portant des inscriptions d\u00e9favorables au pouvoir pour s\u2019opposer au syst\u00e8me politique en place et r\u00e9clamer le d\u00e9part des figures qui l\u2019incarnent.<br \/>Le suffrage annonc\u00e9 pour le 4 juillet prochain est \u00e9galement rejet\u00e9 par les manifestants pour r\u00e9clamer le changement radical. Il faut qu\u2019ils partent tous \u00ab Yetnahaw ga\u00e2\u00bb, se sont montr\u00e9s plus affirm\u00e9s que jamais les manifestants.<br \/>A. Bensadok<\/p>\n<p>Auteur:<br \/>\n<a href=\"https:\/\/www.lesoirdalgerie.com\/actualites\/la-meme-revendication-yetnahaw-gaa-23299\">Cliquez ici pour lire l&rsquo;article depuis sa source.<\/a><\/p>\n","protected":false},"excerpt":{"rendered":"<p>Onzi\u00e8me vendredi avant le d\u00e9but du mois de Ramadhan, de milliers de manifestants \u00e0 Mostaganem dans une parfaite harmonie sont sortis pour faire entendre leurs voix et r\u00e9clamer le d\u00e9mant\u00e8lement de tout le syst\u00e8me.La marche a commenc\u00e9 comme lors des dixi\u00e8mes pr\u00e9c\u00e9dents vendredis \u00e0 la fin de la pri\u00e8re de El Djoumou3a dans le calme [&hellip;]<\/p>\n","protected":false},"author":1741,"featured_media":0,"comment_status":"closed","ping_status":"closed","sticky":false,"template":"","format":"standard","meta":{"fifu_image_url":"","fifu_image_alt":"","footnotes":""},"categories":[73,53],"tags":[],"class_list":["post-32135","post","type-post","status-publish","format-standard","hentry","category-actualite","category-algerie"],"_links":{"self":[{"href":"https:\/\/linitiative.ca\/International\/wp-json\/wp\/v2\/posts\/32135","targetHints":{"allow":["GET"]}}],"collection":[{"href":"https:\/\/linitiative.ca\/International\/wp-json\/wp\/v2\/posts"}],"about":[{"href":"https:\/\/linitiative.ca\/International\/wp-json\/wp\/v2\/types\/post"}],"author":[{"embeddable":true,"href":"https:\/\/linitiative.ca\/International\/wp-json\/wp\/v2\/users\/1741"}],"replies":[{"embeddable":true,"href":"https:\/\/linitiative.ca\/International\/wp-json\/wp\/v2\/comments?post=32135"}],"version-history":[{"count":0,"href":"https:\/\/linitiative.ca\/International\/wp-json\/wp\/v2\/posts\/32135\/revisions"}],"wp:attachment":[{"href":"https:\/\/linitiative.ca\/International\/wp-json\/wp\/v2\/media?parent=32135"}],"wp:term":[{"taxonomy":"category","embeddable":true,"href":"https:\/\/linitiative.ca\/International\/wp-json\/wp\/v2\/categories?post=32135"},{"taxonomy":"post_tag","embeddable":true,"href":"https:\/\/linitiative.ca\/International\/wp-json\/wp\/v2\/tags?post=32135"}],"curies":[{"name":"wp","href":"https:\/\/api.w.org\/{rel}","templated":true}]}}