{"id":32136,"date":"2019-05-04T06:00:00","date_gmt":"2019-05-04T10:00:00","guid":{"rendered":"https:\/\/linitiative.ca\/International\/liamine-zeroual-fortement-sollicite\/"},"modified":"2019-05-04T06:00:00","modified_gmt":"2019-05-04T10:00:00","slug":"liamine-zeroual-fortement-sollicite","status":"publish","type":"post","link":"https:\/\/linitiative.ca\/International\/liamine-zeroual-fortement-sollicite\/","title":{"rendered":"Liamine Zeroual fortement sollicit\u00e9"},"content":{"rendered":"<p>\u00abNon \u00e0 un pouvoir militaire incarn\u00e9 par le chef d\u2019\u00e9tat-major et vice-ministre de la D\u00e9fense, Ahmed Ga\u00efd Salah \u2013 Oui \u00e0 une p\u00e9riode de transition assur\u00e9e par Liamine Zeroual mais, sans Bensalah ni Bedoui\u00bb, tels \u00e9taient les slogans forts soulev\u00e9s par les Mileviens lors de cet acte XI des marches du vendredi.<br \/>Portraits et banderoles allant dans ce sens foisonnent, soulev\u00e9s par les milliers de manifestants rassembl\u00e9s au carr\u00e9 des martyrs, \u00e0 A\u00efn Siah, et dont la marche s\u2019est \u00e9branl\u00e9e pour sillonner l\u2019avenue principale de la ville, en l\u2019occurrence celle du 1er-Novembre-1954, marquant des haltes, principalement devant la mairie puis respectivement devant les si\u00e8ges du FLN et du RND, scandant les slogans devenus classiques maintenant, hostiles \u00e0 ces deux partis du pouvoirs, \u00e0 savoir \u00abFLN d\u00e9gage \u2013 RND d\u00e9gage \u2013 Vous avez bouff\u00e9 le pays, bande de voleurs\u00bb ou encore \u00abLebled bladna oua ndirou ra\u00efna \u2013 Alg\u00e9rie libre et d\u00e9mocratique, l\u2019Alg\u00e9rie est une et indivisible\u00bb.<br \/>La procession a continu\u00e9 sa marche jusqu\u2019au rond-point de la sortie ouest de la ville, vers Ferdjioua, marquant, l\u00e0 encore, un grand temps d\u2019arr\u00eat et entonnant les m\u00eames slogans. Parmi les pancartes brandies une a attir\u00e9 notre attention, celle soulev\u00e9e par un homme d\u2019un certain \u00e2ge o\u00f9 on pouvait lire \u00abOuyahia, vous \u00eates la \u2018\u2019m\u00e9prise\u2019\u2019 du peuple Alg\u00e9rien\u00bb et tant d\u2019autres encore. Vers 15h 30, les manifestants ont d\u00e9cid\u00e9 de rebrousser chemin pour revenir au point de d\u00e9part, \u00e0 A\u00efn Siah, pour poursuivre la manifestation. A signaler que les organisateurs, qui ont d\u00e9cid\u00e9 de modifier le circuit \u00e0 partir de la semaine pass\u00e9e correspondant \u00e0 la 10e marche, ont trouv\u00e9 une opposition de la part de certains qui n\u2019ont pas appr\u00e9ci\u00e9 ce changement, pr\u00e9f\u00e9rant plut\u00f4t celui qui m\u00e8ne vers le si\u00e8ge de la Wilaya et cela a failli d\u00e9g\u00e9n\u00e9rer, n\u2019\u00e9tait l\u2019intervention de certains sages !<br \/>A. M\u2019haimoud<\/p>\n<p>Auteur:<br \/>\n<a href=\"https:\/\/www.lesoirdalgerie.com\/actualites\/liamine-zeroual-fortement-sollicite-23298\">Cliquez ici pour lire l&rsquo;article depuis sa source.<\/a><\/p>\n","protected":false},"excerpt":{"rendered":"<p>\u00abNon \u00e0 un pouvoir militaire incarn\u00e9 par le chef d\u2019\u00e9tat-major et vice-ministre de la D\u00e9fense, Ahmed Ga\u00efd Salah \u2013 Oui \u00e0 une p\u00e9riode de transition assur\u00e9e par Liamine Zeroual mais, sans Bensalah ni Bedoui\u00bb, tels \u00e9taient les slogans forts soulev\u00e9s par les Mileviens lors de cet acte XI des marches du vendredi.Portraits et banderoles allant [&hellip;]<\/p>\n","protected":false},"author":1741,"featured_media":0,"comment_status":"closed","ping_status":"closed","sticky":false,"template":"","format":"standard","meta":{"fifu_image_url":"","fifu_image_alt":"","footnotes":""},"categories":[73,53],"tags":[],"class_list":["post-32136","post","type-post","status-publish","format-standard","hentry","category-actualite","category-algerie"],"_links":{"self":[{"href":"https:\/\/linitiative.ca\/International\/wp-json\/wp\/v2\/posts\/32136","targetHints":{"allow":["GET"]}}],"collection":[{"href":"https:\/\/linitiative.ca\/International\/wp-json\/wp\/v2\/posts"}],"about":[{"href":"https:\/\/linitiative.ca\/International\/wp-json\/wp\/v2\/types\/post"}],"author":[{"embeddable":true,"href":"https:\/\/linitiative.ca\/International\/wp-json\/wp\/v2\/users\/1741"}],"replies":[{"embeddable":true,"href":"https:\/\/linitiative.ca\/International\/wp-json\/wp\/v2\/comments?post=32136"}],"version-history":[{"count":0,"href":"https:\/\/linitiative.ca\/International\/wp-json\/wp\/v2\/posts\/32136\/revisions"}],"wp:attachment":[{"href":"https:\/\/linitiative.ca\/International\/wp-json\/wp\/v2\/media?parent=32136"}],"wp:term":[{"taxonomy":"category","embeddable":true,"href":"https:\/\/linitiative.ca\/International\/wp-json\/wp\/v2\/categories?post=32136"},{"taxonomy":"post_tag","embeddable":true,"href":"https:\/\/linitiative.ca\/International\/wp-json\/wp\/v2\/tags?post=32136"}],"curies":[{"name":"wp","href":"https:\/\/api.w.org\/{rel}","templated":true}]}}