{"id":32137,"date":"2019-05-04T06:00:00","date_gmt":"2019-05-04T10:00:00","guid":{"rendered":"https:\/\/linitiative.ca\/International\/la-contestation-pacifique-doit-etre-portee-par-tous\/"},"modified":"2019-05-04T06:00:00","modified_gmt":"2019-05-04T10:00:00","slug":"la-contestation-pacifique-doit-etre-portee-par-tous","status":"publish","type":"post","link":"https:\/\/linitiative.ca\/International\/la-contestation-pacifique-doit-etre-portee-par-tous\/","title":{"rendered":"\u00abLa contestation pacifique doit \u00eatre port\u00e9e par tous\u00bb"},"content":{"rendered":"<p>\u00abVous les silencieux, vous \u00eates tous concern\u00e9s\u00bb, c\u2019est avec ces paroles scand\u00e9es hier lors de la 11e marche du mouvement populaire pacifique, que les marcheurs ont voulu s\u2019adresser \u00e0 tous ceux et celles qui ne prennent pas part \u00e0 ces manifestations et restent \u00e0 l\u2019\u00e9cart \u00e0 les observer chaque vendredi, estimant que la contestation pacifique devrait \u00eatre soutenue par tous les Alg\u00e9riens.<br \/>A pr\u00e9sent, les marches du vendredi sont davantage concentr\u00e9es sur des tentatives d\u2019unit\u00e9 des slogans et des diff\u00e9rentes mouvances politiques pr\u00e9sentes dans les marches.<br \/>Vaine tentative de marcher tous ensemble par des appels \u00abnon \u00e0 la division, l\u2019Alg\u00e9rie est une et indivisible\u00bb, ou encore \u00abnous sommes tous pour une Alg\u00e9rie libre, soyons unis\u00bb.<br \/>Sur le terrain, c\u2019est chacun pour soi m\u00eame si cela se passe en carr\u00e9s o\u00f9 se regroupent des dizaines de manifestants. Il y a ceux qui refusent de s\u2019identifier aux islamistes, et ces derniers ne semblent pas \u00eatre contre un \u00abm\u00e9lange\u00bb \u00e0 condition qu\u2019il y ait le respect pour \u00abune Alg\u00e9rie d\u2019Ibn Badis et novembriste\u00bb sans pour autant rajouter \u00abislamiste\u00bb. D\u2019autres s\u2019estiment \u00abintellectuels\u00bb et visent des revendications qui ne concernent pas le politique seulement mais toutes les libert\u00e9s individuelles\u2026 et il y a aussi les \u00e9tudiants et les syndicalistes. Autant d\u2019id\u00e9es toutes aussi l\u00e9gitimes les unes que les autres mais port\u00e9es par diff\u00e9rentes mouvances. Ce qui donne aux marches \u00e0 Oran un caract\u00e8re assez particulier donnant l\u2019impression d\u2019avoir plusieurs marches pour une seule.<br \/>Le regroupement habituel au niveau de la place d\u2019Armes est toujours maintenu, d\u2019o\u00f9 est donn\u00e9 \u00e0 chaque fois le top d\u00e9part des marches qui sillonnent le centre-ville, m\u00eame si de plus en plus ils sont nombreux \u00e0 pr\u00e9f\u00e9rer se regrouper ailleurs. Toutefois, hier, des individus portant des brassards rouges et qui justifient cela ainsi \u00abnous portons ces brassards pour organiser les marches et par exemple bannir les tambours et autres instruments sonores qui g\u00eanent les marches\u00bb. Parmi eux, certains incitaient les marcheurs \u00e0 se rendre au niveau du pont Zabana \u00abpour la symbolique du nom et pour changer du centre-ville\u00bb, justifiaient-ils.<br \/>Les slogans d\u2019hier \u00e9taient presque tous semblables \u00e0 l\u2019exception de ceux concernant Ga\u00efd Salah o\u00f9 l\u00e0 les manifestants restaient divis\u00e9s. Si certains ne l\u2019\u00e9voquent tout simplement pas en appelant \u00ab\u00e0 l\u2019unit\u00e9 entre le peuple et son arm\u00e9e\u00bb, d\u2019autres plus tranch\u00e9s sur la question diront \u00abL\u2019arm\u00e9e est celle du peuple et Ga\u00efd est le v\u00f4tre (en r\u00e9f\u00e9rence au syst\u00e8me)\u00bb.<br \/>Hier, des d\u00e9bats ont eu lieu en marge de la marche, non seulement concernant l\u2019\u00e9volution de la situation dans le pays avec notamment l\u2019interrogation \u00abpourquoi Ouyahia et Sa\u00efd Bouteflika ne sont pas inqui\u00e9t\u00e9s par la justice ? Que se passe-t-il r\u00e9ellement durant ces auditions ?\u00bb.<br \/>Des questionnements ont \u00e9galement \u00e9t\u00e9 pos\u00e9s concernant le timing des prochaines marches de vendredi \u00e9tant donn\u00e9 que la 12e marche aura lieu durant le mois de Ramadhan. \u00abDoit-on marcher comme d\u2019habitude apr\u00e8s la pri\u00e8re du dohr ? Ou bien apr\u00e8s le f\u2019tor ? Ou alors faire les deux chacun selon ses moyens physiques et possibilit\u00e9s ? La question n\u2019a pas encore \u00e9t\u00e9 tranch\u00e9e.<br \/>Amel Bentolba<\/p>\n<p>Auteur:<br \/>\n<a href=\"https:\/\/www.lesoirdalgerie.com\/actualites\/la-contestation-pacifique-doit-etre-portee-par-tous-23297\">Cliquez ici pour lire l&rsquo;article depuis sa source.<\/a><\/p>\n","protected":false},"excerpt":{"rendered":"<p>\u00abVous les silencieux, vous \u00eates tous concern\u00e9s\u00bb, c\u2019est avec ces paroles scand\u00e9es hier lors de la 11e marche du mouvement populaire pacifique, que les marcheurs ont voulu s\u2019adresser \u00e0 tous ceux et celles qui ne prennent pas part \u00e0 ces manifestations et restent \u00e0 l\u2019\u00e9cart \u00e0 les observer chaque vendredi, estimant que la contestation pacifique [&hellip;]<\/p>\n","protected":false},"author":1741,"featured_media":0,"comment_status":"closed","ping_status":"closed","sticky":false,"template":"","format":"standard","meta":{"fifu_image_url":"","fifu_image_alt":"","footnotes":""},"categories":[73,53],"tags":[],"class_list":["post-32137","post","type-post","status-publish","format-standard","hentry","category-actualite","category-algerie"],"_links":{"self":[{"href":"https:\/\/linitiative.ca\/International\/wp-json\/wp\/v2\/posts\/32137","targetHints":{"allow":["GET"]}}],"collection":[{"href":"https:\/\/linitiative.ca\/International\/wp-json\/wp\/v2\/posts"}],"about":[{"href":"https:\/\/linitiative.ca\/International\/wp-json\/wp\/v2\/types\/post"}],"author":[{"embeddable":true,"href":"https:\/\/linitiative.ca\/International\/wp-json\/wp\/v2\/users\/1741"}],"replies":[{"embeddable":true,"href":"https:\/\/linitiative.ca\/International\/wp-json\/wp\/v2\/comments?post=32137"}],"version-history":[{"count":0,"href":"https:\/\/linitiative.ca\/International\/wp-json\/wp\/v2\/posts\/32137\/revisions"}],"wp:attachment":[{"href":"https:\/\/linitiative.ca\/International\/wp-json\/wp\/v2\/media?parent=32137"}],"wp:term":[{"taxonomy":"category","embeddable":true,"href":"https:\/\/linitiative.ca\/International\/wp-json\/wp\/v2\/categories?post=32137"},{"taxonomy":"post_tag","embeddable":true,"href":"https:\/\/linitiative.ca\/International\/wp-json\/wp\/v2\/tags?post=32137"}],"curies":[{"name":"wp","href":"https:\/\/api.w.org\/{rel}","templated":true}]}}