{"id":32138,"date":"2019-05-04T06:00:00","date_gmt":"2019-05-04T10:00:00","guid":{"rendered":"https:\/\/linitiative.ca\/International\/mobilisation-reussie\/"},"modified":"2019-05-04T06:00:00","modified_gmt":"2019-05-04T10:00:00","slug":"mobilisation-reussie","status":"publish","type":"post","link":"https:\/\/linitiative.ca\/International\/mobilisation-reussie\/","title":{"rendered":"Mobilisation r\u00e9ussie"},"content":{"rendered":"<p>Encore une fois, la population de la wilaya de Boumerd\u00e8s est mise au d\u00e9fi, \u00e0 l\u2019instar de tout le peuple alg\u00e9rien, de r\u00e9ussir sa mobilisation hebdomadaire tout en maintenant le caract\u00e8re pacifique alors que des emb\u00fbches ont \u00e9t\u00e9 dress\u00e9es sur son chemin dans le but d\u2019att\u00e9nuer son engagement visant \u00e0 mettre l\u2019Alg\u00e9rie sur les rails de la d\u00e9mocratie.<br \/>Encore une fois, la r\u00e9ussite \u00e9tait totale et cette mobilisation \u00e0 Boumerd\u00e8s-Ville, Dellys, Bordj-Mena\u00efel, La\u00e2ziv\u2026 \u00e9tait \u00e0 la hauteur des esp\u00e9rances de l\u2019aboutissement de cette r\u00e9volution du 22 f\u00e9vrier. Vendredi 3 mai, la foule, qui est sortie sillonner les rues du chef-lieu de la wilaya de Boumerd\u00e8s, \u00e9tait, comme \u00e0 son habitude depuis le 22 f\u00e9vrier, imposante. Il y a lieu de noter \u00e9galement la mobilisation citoyenne \u00e0 Bordj-Mena\u00efel, dont nos sources nous ont fait part de la pr\u00e9sence d\u2019une foule immense de manifestants dans les rues de la ville et \u00e9galement \u00e0 Dellys, La\u00e2ziv ou d\u2019autres localit\u00e9s de ce d\u00e9partement qui ont vu des milliers de citoyens marcher pour la d\u00e9mocratie. \u00ab Nous ne sortons pas pour qu\u2019au final, un clan maffieux d\u00e9gage un autre clan maffieux et le remplace \u00e0 la t\u00eate du pouvoir. C\u2019est ce que nous constatons ! Goulna irouhou ga\u00e2 ! Pour arriver \u00e0 notre objectif, nous sortirons le nombre de fois qu\u2019il est n\u00e9cessaire\u00bb, chante un groupe de jeunes \u00e0 Boumerd\u00e8s.<br \/>En plus de l\u2019enthousiasme et l\u2019engagement, la conscience politique est aigu\u00eb chez les milliers de marcheurs. Jeunes, hommes \u00e2g\u00e9s, femmes et enfants ont scand\u00e9, dans un esprit festif, des slogans hostiles au pouvoir \u00ab Diw Sa\u00efd l\u2019Harrach ! (emmenez Sa\u00efd \u00e0 El Harrach) \u00bb \u00ab Bensalah d\u00e9gage ! \u00bb \u00ab Ga\u00efd d\u00e9gage ! \u00bb \u00ab Bedoui d\u00e9gage ! \u00bb \u00ab Voleurs ! Vous avez dilapid\u00e9 le pays ! \u00bb \u00ab Ulach l\u2019vot ulach ! \u00bb \u00ab Pouvoir de civils pas celui de g\u00e9n\u00e9raux ! \u00bb \u00ab Peuple sage, pouvoir sale ! \u00bb \u00ab 60 ans de corruption \u00e7a suffit ! \u00bb A l\u2019occasion de la journ\u00e9e mondiale de la Libert\u00e9 d\u2019expression, des marcheurs ont scand\u00e9 \u00ab Sahafa horra ! (presse libre)\u00bb d\u2019autres ont apport\u00e9 leur soutien \u00e0 l\u2019ind\u00e9pendance de la justice \u00ab Adala horra ! ( justice ind\u00e9pendante) \u00bb. Une dame d\u2019un certain \u00e2ge portait un \u00e9criteau sur lequel on pouvait lire \u00abLe sc\u00e9nario de Sissi est un conte pour enfants pas pour les citoyens du pays des hommes debout \u00bb.<br \/>La mobilisation citoyenne de ce vendredi a \u00e9t\u00e9 pr\u00e9c\u00e9d\u00e9e mardi par celle des \u00e9tudiants de l\u2019Universit\u00e9 M\u2019Hamed-Bougarra de Boumerd\u00e8s (UMBB) qui sont sortis massivement pour manifester avec d\u00e9termination. Les agents et cadres de la Sonelgaz ont rejoint le cort\u00e8ge estudiantin. \u00ab Bensalah d\u00e9gage ! \u00bb \u00ab Bedoui d\u00e9gage ! \u00bb \u00ab Ga\u00efd d\u00e9gage ! \u00bb Syst\u00e8me d\u00e9gage ! \u00bb \u00ab Goulna irouhou ga\u00e2 (nous disons qu\u2019ils partiront tous) \u00bb \u00ab Houkoumate el bricolage d\u00e9gage ! (gouvernement du bricolage d\u00e9gage) \u00bb.<br \/>La d\u00e9termination de ce collectif dont surgira une partie de l\u2019\u00e9lite du pays est symbolis\u00e9e par cette pancarte exhib\u00e9e par une \u00e9tudiante : \u00abJe n\u2019ai pas peur de l\u2019ann\u00e9e blanche mais j\u2019ai peur de mon avenir sombre. \u00bb<br \/>Abachi L.<\/p>\n<p>Auteur:<br \/>\n<a href=\"https:\/\/www.lesoirdalgerie.com\/actualites\/mobilisation-reussie-23296\">Cliquez ici pour lire l&rsquo;article depuis sa source.<\/a><\/p>\n","protected":false},"excerpt":{"rendered":"<p>Encore une fois, la population de la wilaya de Boumerd\u00e8s est mise au d\u00e9fi, \u00e0 l\u2019instar de tout le peuple alg\u00e9rien, de r\u00e9ussir sa mobilisation hebdomadaire tout en maintenant le caract\u00e8re pacifique alors que des emb\u00fbches ont \u00e9t\u00e9 dress\u00e9es sur son chemin dans le but d\u2019att\u00e9nuer son engagement visant \u00e0 mettre l\u2019Alg\u00e9rie sur les rails [&hellip;]<\/p>\n","protected":false},"author":1741,"featured_media":0,"comment_status":"closed","ping_status":"closed","sticky":false,"template":"","format":"standard","meta":{"fifu_image_url":"","fifu_image_alt":"","footnotes":""},"categories":[73,53],"tags":[],"class_list":["post-32138","post","type-post","status-publish","format-standard","hentry","category-actualite","category-algerie"],"_links":{"self":[{"href":"https:\/\/linitiative.ca\/International\/wp-json\/wp\/v2\/posts\/32138","targetHints":{"allow":["GET"]}}],"collection":[{"href":"https:\/\/linitiative.ca\/International\/wp-json\/wp\/v2\/posts"}],"about":[{"href":"https:\/\/linitiative.ca\/International\/wp-json\/wp\/v2\/types\/post"}],"author":[{"embeddable":true,"href":"https:\/\/linitiative.ca\/International\/wp-json\/wp\/v2\/users\/1741"}],"replies":[{"embeddable":true,"href":"https:\/\/linitiative.ca\/International\/wp-json\/wp\/v2\/comments?post=32138"}],"version-history":[{"count":0,"href":"https:\/\/linitiative.ca\/International\/wp-json\/wp\/v2\/posts\/32138\/revisions"}],"wp:attachment":[{"href":"https:\/\/linitiative.ca\/International\/wp-json\/wp\/v2\/media?parent=32138"}],"wp:term":[{"taxonomy":"category","embeddable":true,"href":"https:\/\/linitiative.ca\/International\/wp-json\/wp\/v2\/categories?post=32138"},{"taxonomy":"post_tag","embeddable":true,"href":"https:\/\/linitiative.ca\/International\/wp-json\/wp\/v2\/tags?post=32138"}],"curies":[{"name":"wp","href":"https:\/\/api.w.org\/{rel}","templated":true}]}}