{"id":32139,"date":"2019-05-04T02:23:09","date_gmt":"2019-05-04T06:23:09","guid":{"rendered":"https:\/\/linitiative.ca\/International\/assises-de-la-fiscalite-un-code-unifie-des-impots-detat-et-des-impots-locaux-des-2020\/"},"modified":"2019-05-04T02:23:09","modified_gmt":"2019-05-04T06:23:09","slug":"assises-de-la-fiscalite-un-code-unifie-des-impots-detat-et-des-impots-locaux-des-2020","status":"publish","type":"post","link":"https:\/\/linitiative.ca\/International\/assises-de-la-fiscalite-un-code-unifie-des-impots-detat-et-des-impots-locaux-des-2020\/","title":{"rendered":"Assises de la fiscalit\u00e9\u00a0: Un code unifi\u00e9 des imp\u00f4ts d\u2019\u00c9tat et des imp\u00f4ts locaux d\u00e8s 2020"},"content":{"rendered":"<p>C\u2019est l\u2019une des bonnes nouvelles de ces 3\u00e8mes <strong>Assises de la fiscalit\u00e9<\/strong> des 3 et 4 mai \u00e0 Skhirat. Et c\u2019est Khalid Safir qui a fait l\u2019annonce.<\/p>\n<div class=\"c10\"\/>\n<p>Le wali directeur g\u00e9n\u00e9ral des collectivit\u00e9s locales a fait savoir que la Direction g\u00e9n\u00e9rale des Imp\u00f4ts, le minist\u00e8re des Finances et toutes les parties prenantes travaillent depuis quelques mois en vue de mettre en place un <strong>Code unifi\u00e9 des imp\u00f4ts<\/strong> qui va englober, \u00e0 la fois, les imp\u00f4ts d\u2019Etat et les imp\u00f4ts locaux.<\/p>\n<p>Soulignons qu\u2019il s\u2019agit l\u00e0 d\u2019une rupture par rapport \u00e0 l\u2019approche actuelle qui privil\u00e9gie la fiscalit\u00e9 d\u2019\u00c9tat.<\/p>\n<p>\u00ab\u00a0Nous allons travailler dans les semaines et les mois \u00e0 venir pour faire sortir les premi\u00e8res mesures dans la <strong>Loi de finances 2020<\/strong>\u00a0\u00bb, a assur\u00e9 Khalid Safir.\u00a0Pour Driss El Azami El Idriss, ancien ministre du Budget et actuel d\u00e9put\u00e9-maire de F\u00e8s, cette nouvelle approche est salutaire \u00e0 bien des \u00e9gards.<\/p>\n<p>\u00ab\u00a0Il est important aujourd\u2019hui d\u2019avoir un code des imp\u00f4ts unifi\u00e9 et traitant, \u00e0 la fois, de la taxation nationale et locale. Il est aussi important de travailler sur les taxes locales, qui sont plus d\u2019une vingtaine, \u00e0 travers un <strong>toilettage<\/strong> pour avoir d\u00e9sormais deux paliers de taxes au niveau local. D\u2019abord, une taxe qui porte sur le foncier productif et l\u2019autre qui porte sur les activit\u00e9s \u00e9conomiques\u00a0\u00bb, a-t-il rench\u00e9ri, ajoutant que le fait que les autorit\u00e9s aient d\u00e9cid\u00e9 de faire figurer les premi\u00e8res mesures de ce code des imp\u00f4ts unifi\u00e9 dans la loi de Finances 2020 est aussi un bon cap.<\/p>\n<div class=\"c17\">\n<fieldset class=\"c16\">\n<legend><strong><span class=\"c11\">Challenge<\/span><span class=\"c12\">news<\/span><\/strong><\/legend>\n<div class=\"c15\">Le meilleur de la r\u00e9daction s\u00e9lectionn\u00e9 par Challenge :<\/p>\n<\/div>\n<\/fieldset>\n<\/div>\n<p>Auteur: Roland Amoussou<br \/>\n<a href=\"https:\/\/www.challenge.ma\/assises-de-la-fiscalite-un-code-unifie-des-impots-detat-et-des-impots-locaux-des-2020-108708\/\">Cliquez ici pour lire l&rsquo;article depuis sa source.<\/a><\/p>\n","protected":false},"excerpt":{"rendered":"<p>C\u2019est l\u2019une des bonnes nouvelles de ces 3\u00e8mes Assises de la fiscalit\u00e9 des 3 et 4 mai \u00e0 Skhirat. Et c\u2019est Khalid Safir qui a fait l\u2019annonce. Le wali directeur g\u00e9n\u00e9ral des collectivit\u00e9s locales a fait savoir que la Direction g\u00e9n\u00e9rale des Imp\u00f4ts, le minist\u00e8re des Finances et toutes les parties prenantes travaillent depuis quelques [&hellip;]<\/p>\n","protected":false},"author":1787,"featured_media":0,"comment_status":"closed","ping_status":"closed","sticky":false,"template":"","format":"standard","meta":{"fifu_image_url":"","fifu_image_alt":"","footnotes":""},"categories":[78,54],"tags":[],"class_list":["post-32139","post","type-post","status-publish","format-standard","hentry","category-economie","category-maroc"],"_links":{"self":[{"href":"https:\/\/linitiative.ca\/International\/wp-json\/wp\/v2\/posts\/32139","targetHints":{"allow":["GET"]}}],"collection":[{"href":"https:\/\/linitiative.ca\/International\/wp-json\/wp\/v2\/posts"}],"about":[{"href":"https:\/\/linitiative.ca\/International\/wp-json\/wp\/v2\/types\/post"}],"author":[{"embeddable":true,"href":"https:\/\/linitiative.ca\/International\/wp-json\/wp\/v2\/users\/1787"}],"replies":[{"embeddable":true,"href":"https:\/\/linitiative.ca\/International\/wp-json\/wp\/v2\/comments?post=32139"}],"version-history":[{"count":0,"href":"https:\/\/linitiative.ca\/International\/wp-json\/wp\/v2\/posts\/32139\/revisions"}],"wp:attachment":[{"href":"https:\/\/linitiative.ca\/International\/wp-json\/wp\/v2\/media?parent=32139"}],"wp:term":[{"taxonomy":"category","embeddable":true,"href":"https:\/\/linitiative.ca\/International\/wp-json\/wp\/v2\/categories?post=32139"},{"taxonomy":"post_tag","embeddable":true,"href":"https:\/\/linitiative.ca\/International\/wp-json\/wp\/v2\/tags?post=32139"}],"curies":[{"name":"wp","href":"https:\/\/api.w.org\/{rel}","templated":true}]}}