{"id":32141,"date":"2019-05-04T07:56:00","date_gmt":"2019-05-04T11:56:00","guid":{"rendered":"https:\/\/linitiative.ca\/International\/usfp-lachgar-sur-la-sellette\/"},"modified":"2019-05-04T07:56:00","modified_gmt":"2019-05-04T11:56:00","slug":"usfp-lachgar-sur-la-sellette","status":"publish","type":"post","link":"https:\/\/linitiative.ca\/International\/usfp-lachgar-sur-la-sellette\/","title":{"rendered":"USFP : Lachgar sur la sellette"},"content":{"rendered":"<p class=\"p1\">Contest\u00e9, y compris par ses proches, <strong>Driss Lachgar<\/strong> fait face \u00e0 une fronde in\u00e9dite, alors qu\u2019il croyait avoir \u00e9limin\u00e9 les oppositions.<\/p>\n<div class=\"c10\"\/>\n<p class=\"p1\"><span class=\"s1\">L<\/span><span class=\"s1\">e premier secr\u00e9taire de l\u2019USFP a essuy\u00e9 un vrai toll\u00e9 lors des congr\u00e8s des avocats Tihadis, organis\u00e9 \u00e0 T\u00e9touan. On lui a surtout reproch\u00e9 d\u2019avoir censur\u00e9 la position de la section d\u2019Al Hoceima, favorable au Hirak. Il s\u2019en est d\u00e9fendu et s\u2019est engag\u00e9 \u00e0 <em>\u00abtenter de trouver rapidement le moyen d\u2019arriver \u00e0 la lib\u00e9ration des d\u00e9tenus \u00bb<\/em>. Il n\u2019a peut-\u00eatre pas convaincu mais il est apparu combatif, d\u00e9sireux de reprendre la main.<\/span><\/p>\n<p class=\"p2\"><span class=\"s1\">Seulement, la m\u00eame semaine, une membre du bureau politique, lui demande publiquement d\u2019\u00e9courter son mandat et de partir imm\u00e9diatement. Hanane Rihab, c\u2019est d\u2019elle qu\u2019il s\u2019agit, doit tout \u00e0 Driss Lachgar. C\u2019est lui qui l\u2019a int\u00e9gr\u00e9e au bureau politique, c\u2019est encore lui qui l\u2019a impos\u00e9e sur la liste des jeunes, alors que les femmes l\u2019avaient class\u00e9e 29<sup>\u00e8me<\/sup>. Ceci a provoqu\u00e9 des d\u00e9missions collectives, mais Hanane est parlementaire et c\u2019est elle qui sonne la charge.<\/span><\/p>\n<h2>\u00ab\u00a0<span class=\"s1\">R\u00e9duire la crise de l\u2019USFP \u00e0 Driss Lachgar et \u00e0 sa personnalit\u00e9 est une erreur\u00a0\u00bb<\/span><\/h2>\n<p class=\"p2\"><span class=\"s1\">On ne sait pas quel r\u00f4le joue Habib El Malki dans cette attaque. La parlementaire a post\u00e9, 24 heures apr\u00e8s son appel \u00e0 d\u00e9mettre Lachgar, une photo avec le pr\u00e9sident du Parlement, lors d\u2019un \u00e9v\u00e9nement d\u00e9di\u00e9 au cheval, organis\u00e9 par un parlementaire du Mouvement Populaire. Le signal est clair, elle a choisi son camp.<\/span><\/p>\n<p class=\"p4\"><span class=\"s2 c11\">L\u00e2ch\u00e9 par les siens<\/span><\/p>\n<p class=\"p5\"><span class=\"s1\">L<\/span><span class=\"s1\">e probl\u00e8me du premier secr\u00e9taire ne se r\u00e9sume pas au cas Hanane Rihab ; le Bureau politique est compl\u00e8tement coinc\u00e9. Entre les d\u00e9\u00e7us de la participation au gouvernement, \u00e0 titre politique ou purement personnel, les m\u00e9contents des d\u00e9cisions personnelles fort inconstantes de Driss Lachgar et les d\u00e9sesp\u00e9r\u00e9s de la situation organisationnelle, les rangs de la d\u00e9sertion sont bien remplis. Ceux-l\u00e0 m\u00eame qui ont fait campagne pour le premier secr\u00e9taire, qui ont organis\u00e9 la mise au pas des r\u00e9calcitrants, abandonnent le navire.<\/span><\/p>\n<p class=\"p2\"><span class=\"s1\">Ces p\u00e9rip\u00e9ties cachent mal le drame politique de l\u2019USFP. Ce parti n\u2019a plus de boussole. C\u2019est lui qui a \u00e9t\u00e9 b\u00e2ti sur la strat\u00e9gie de la lutte d\u00e9mocratique, il se retrouve impliqu\u00e9 dans un d\u00e9tournement de la constitution. Ses sections sont \u00e0 l\u2019arr\u00eat parce que les militants, ce qui en reste, sont d\u00e9sempar\u00e9s, le syndicat hyper divis\u00e9, ne repr\u00e9sente plus rien et limite son action \u00e0 quelques communiqu\u00e9s que personne ne lit, le groupe parlementaire est godillot, etc.<\/span><\/p>\n<p class=\"p2\"><span class=\"s1\">R\u00e9duire la crise de l\u2019USFP \u00e0 Driss Lachgar et \u00e0 sa personnalit\u00e9 est une erreur. Ce parti ne peut retrouver sa splendeur que s\u2019il retrouve son ADN de porteur des esp\u00e9rances populaires. Pour cela, il faut reproduire une vision. R\u00e9fl\u00e9chir. Ce parti a-t-il encore les moyens humains pour le faire ? Le doute existe.<\/span><\/p>\n<div class=\"c18\">\n<fieldset class=\"c17\">\n<legend><strong><span class=\"c12\">Challenge<\/span><span class=\"c13\">news<\/span><\/strong><\/legend>\n<div class=\"c16\">Le meilleur de la r\u00e9daction s\u00e9lectionn\u00e9 par Challenge :<\/p>\n<\/div>\n<\/fieldset>\n<\/div>\n<p>Auteur: Jamal Berraoui<br \/>\n<a href=\"https:\/\/www.challenge.ma\/usfp-lachgar-sur-la-sellette-108696\/\">Cliquez ici pour lire l&rsquo;article depuis sa source.<\/a><\/p>\n","protected":false},"excerpt":{"rendered":"<p>Contest\u00e9, y compris par ses proches, Driss Lachgar fait face \u00e0 une fronde in\u00e9dite, alors qu\u2019il croyait avoir \u00e9limin\u00e9 les oppositions. Le premier secr\u00e9taire de l\u2019USFP a essuy\u00e9 un vrai toll\u00e9 lors des congr\u00e8s des avocats Tihadis, organis\u00e9 \u00e0 T\u00e9touan. On lui a surtout reproch\u00e9 d\u2019avoir censur\u00e9 la position de la section d\u2019Al Hoceima, favorable [&hellip;]<\/p>\n","protected":false},"author":1787,"featured_media":0,"comment_status":"closed","ping_status":"closed","sticky":false,"template":"","format":"standard","meta":{"fifu_image_url":"","fifu_image_alt":"","footnotes":""},"categories":[78,54],"tags":[],"class_list":["post-32141","post","type-post","status-publish","format-standard","hentry","category-economie","category-maroc"],"_links":{"self":[{"href":"https:\/\/linitiative.ca\/International\/wp-json\/wp\/v2\/posts\/32141","targetHints":{"allow":["GET"]}}],"collection":[{"href":"https:\/\/linitiative.ca\/International\/wp-json\/wp\/v2\/posts"}],"about":[{"href":"https:\/\/linitiative.ca\/International\/wp-json\/wp\/v2\/types\/post"}],"author":[{"embeddable":true,"href":"https:\/\/linitiative.ca\/International\/wp-json\/wp\/v2\/users\/1787"}],"replies":[{"embeddable":true,"href":"https:\/\/linitiative.ca\/International\/wp-json\/wp\/v2\/comments?post=32141"}],"version-history":[{"count":0,"href":"https:\/\/linitiative.ca\/International\/wp-json\/wp\/v2\/posts\/32141\/revisions"}],"wp:attachment":[{"href":"https:\/\/linitiative.ca\/International\/wp-json\/wp\/v2\/media?parent=32141"}],"wp:term":[{"taxonomy":"category","embeddable":true,"href":"https:\/\/linitiative.ca\/International\/wp-json\/wp\/v2\/categories?post=32141"},{"taxonomy":"post_tag","embeddable":true,"href":"https:\/\/linitiative.ca\/International\/wp-json\/wp\/v2\/tags?post=32141"}],"curies":[{"name":"wp","href":"https:\/\/api.w.org\/{rel}","templated":true}]}}