{"id":32145,"date":"2019-05-04T12:59:18","date_gmt":"2019-05-04T16:59:18","guid":{"rendered":"https:\/\/linitiative.ca\/International\/algerie-la-purge-commence-dans-lentourage-de-bouteflika-sur-fond-de-reglements-de-comptes\/"},"modified":"2019-05-04T12:59:18","modified_gmt":"2019-05-04T16:59:18","slug":"algerie-la-purge-commence-dans-lentourage-de-bouteflika-sur-fond-de-reglements-de-comptes","status":"publish","type":"post","link":"https:\/\/linitiative.ca\/International\/algerie-la-purge-commence-dans-lentourage-de-bouteflika-sur-fond-de-reglements-de-comptes\/","title":{"rendered":"Alg\u00e9rie : La purge commence dans l\u2019entourage de Bouteflika sur fond de r\u00e8glements de comptes"},"content":{"rendered":"<div class=\"post-cont-in left relative\">\n<p>Les g\u00e9n\u00e9raux Toufik et Tartag, deux anciens patrons des services de renseignements ainsi que Said Bouteflika ont \u00e9t\u00e9 arr\u00eat\u00e9s par les services de s\u00e9curit\u00e9, a-t-on appris de source s\u00e9curitaire en Alg\u00e9rie.<\/p>\n<p>Ils sont actuellement auditionn\u00e9s par les services de la DGSI, dans le cadre de l\u2019enqu\u00eate sur leurs activit\u00e9s, qui ont \u00e9t\u00e9 d\u00e9nonc\u00e9es par le chef d\u2019\u00c9tat-major de l\u2019ANP, le g\u00e9n\u00e9ral Ahmed Ga\u00efd Salah.<\/p>\n<div class=\"code-block code-block-1 c3\"><ins class=\"adsbygoogle c2\" data-ad-layout=\"in-article\" data-ad-format=\"fluid\" data-ad-client=\"ca-pub-2102118777505746\" data-ad-slot=\"7301775417\"\/> <\/div>\n<p>Ga\u00efd Salah avait accus\u00e9 publiquement Toufik de comploter contre l\u2019arm\u00e9e et le mouvement populaire, avant de lui lancer un dernier avertissement, le sommant de cesser ses activit\u00e9s. Pour le g\u00e9n\u00e9ral Tartag, il \u00e9tait consid\u00e9r\u00e9 comme proche du clan pr\u00e9sidentiel, notamment de Sa\u00efd Bouteflika. Il avait d\u00e9missionn\u00e9 de son poste de chef de la Direction des services de s\u00e9curit\u00e9 (DSS) le m\u00eame jour de la d\u00e9mission de Bouteflika, le 2 avril dernier.<\/p>\n<p>Ga\u00efd Salah avait \u00e9galement accus\u00e9, sans le nommer, Said Bouteflika, le fr\u00e8re cadet du pr\u00e9sident d\u00e9missionnaire d\u2019\u00eatre \u00e0 la t\u00eate de la \u00ab\u00a03issaba\u00a0\u00bb, le gang qui a confisqu\u00e9 le pouvoir pr\u00e9sidentiel. Selon le g\u00e9n\u00e9ral Khaled Nezzar, le fr\u00e8re cadet de l\u2019ex-pr\u00e9sident Bouteflika, voulait instaurer l\u2019\u00e9tat d\u2019urgence ou l\u2019\u00e9tat de si\u00e8ge et avait m\u00eame envisag\u00e9 de limoger Ga\u00efd Salah.<\/p>\n<p>En r\u00e9sum\u00e9, Ga\u00efd Salah semble \u00eatre tout \u00e0 fait dispos\u00e9\u00a0\u00e0 r\u00e9pondre aux exigences du peuple alg\u00e9rien, surtout quand elles correspondent \u00e0 ses souhaits les plus chers.<\/p>\n<div class=\"mvp-org-wrap mvp-org-logo\" itemprop=\"publisher\" itemscope=\"\" itemtype=\"https:\/\/schema.org\/Organization\"><img decoding=\"async\" src=\"https:\/\/www.tunisienumerique.com\/wp-content\/uploads\/2017\/02\/logo_tunisie_numerique.png\"\/><\/div>\n<div class=\"mvp-related-posts left relative\">\n<h4 class=\"post-header\"><span class=\"post-header\">Lire aussi<\/span><\/h4>\n<\/div>\n<\/div>\n<p>Auteur: LM<br \/>\n<a href=\"https:\/\/www.tunisienumerique.com\/algerie-la-purge-commence-dans-lentourage-de-bouteflika-sur-fond-de-reglements-de-comptes\/\">Cliquez ici pour lire l&rsquo;article depuis sa source.<\/a><\/p>\n","protected":false},"excerpt":{"rendered":"<p>Les g\u00e9n\u00e9raux Toufik et Tartag, deux anciens patrons des services de renseignements ainsi que Said Bouteflika ont \u00e9t\u00e9 arr\u00eat\u00e9s par les services de s\u00e9curit\u00e9, a-t-on appris de source s\u00e9curitaire en Alg\u00e9rie. Ils sont actuellement auditionn\u00e9s par les services de la DGSI, dans le cadre de l\u2019enqu\u00eate sur leurs activit\u00e9s, qui ont \u00e9t\u00e9 d\u00e9nonc\u00e9es par le [&hellip;]<\/p>\n","protected":false},"author":1789,"featured_media":32146,"comment_status":"closed","ping_status":"closed","sticky":false,"template":"","format":"standard","meta":{"fifu_image_url":"","fifu_image_alt":"","footnotes":""},"categories":[73,55],"tags":[],"class_list":["post-32145","post","type-post","status-publish","format-standard","has-post-thumbnail","hentry","category-actualite","category-tunisie"],"_links":{"self":[{"href":"https:\/\/linitiative.ca\/International\/wp-json\/wp\/v2\/posts\/32145","targetHints":{"allow":["GET"]}}],"collection":[{"href":"https:\/\/linitiative.ca\/International\/wp-json\/wp\/v2\/posts"}],"about":[{"href":"https:\/\/linitiative.ca\/International\/wp-json\/wp\/v2\/types\/post"}],"author":[{"embeddable":true,"href":"https:\/\/linitiative.ca\/International\/wp-json\/wp\/v2\/users\/1789"}],"replies":[{"embeddable":true,"href":"https:\/\/linitiative.ca\/International\/wp-json\/wp\/v2\/comments?post=32145"}],"version-history":[{"count":0,"href":"https:\/\/linitiative.ca\/International\/wp-json\/wp\/v2\/posts\/32145\/revisions"}],"wp:featuredmedia":[{"embeddable":true,"href":"https:\/\/linitiative.ca\/International\/wp-json\/"}],"wp:attachment":[{"href":"https:\/\/linitiative.ca\/International\/wp-json\/wp\/v2\/media?parent=32145"}],"wp:term":[{"taxonomy":"category","embeddable":true,"href":"https:\/\/linitiative.ca\/International\/wp-json\/wp\/v2\/categories?post=32145"},{"taxonomy":"post_tag","embeddable":true,"href":"https:\/\/linitiative.ca\/International\/wp-json\/wp\/v2\/tags?post=32145"}],"curies":[{"name":"wp","href":"https:\/\/api.w.org\/{rel}","templated":true}]}}