{"id":32167,"date":"2019-05-04T15:18:02","date_gmt":"2019-05-04T19:18:02","guid":{"rendered":"https:\/\/linitiative.ca\/International\/centrafrique-le-fmi-fixe-le-taux-de-croissance-de-leconomie-de-45\/"},"modified":"2019-05-04T15:18:02","modified_gmt":"2019-05-04T19:18:02","slug":"centrafrique-le-fmi-fixe-le-taux-de-croissance-de-leconomie-de-45","status":"publish","type":"post","link":"https:\/\/linitiative.ca\/International\/centrafrique-le-fmi-fixe-le-taux-de-croissance-de-leconomie-de-45\/","title":{"rendered":"Centrafrique : Le FMI fixe le taux de croissance de l\u2019\u00e9conomie de 4,5%"},"content":{"rendered":"<div readability=\"32\">\n<p>Publi\u00e9 le 04.05.2019 \u00e0 20h18 par APA News<\/p>\n<\/div>\n<div readability=\"54\">\n<p>L\u2019\u00e9conomie centrafricaine, malgr\u00e9 la persistance de l\u2019ins\u00e9curit\u00e9 qui emp\u00eache l\u2019Etat d\u2019engranger les recettes, devrait connaitre un taux de croissance de son \u00e9conomie de 4, 5% pour cette ann\u00e9e 2019, selon une mission du FMI conduite par Edouard Martins.Les diff\u00e9rentes r\u00e9formes financi\u00e8res engag\u00e9es par l\u2019Etat gr\u00e2ce \u00e0 l\u2019appui du FMI ont \u00e9t\u00e9 bien men\u00e9es. Ce qui a \u00e9t\u00e9 \u00e0 l\u2019origine de plusieurs facilit\u00e9s \u00e9largies de cr\u00e9dits conclues pendant si revues depuis 2016 jusqu\u2019en 2018.<\/p>\n<p>\u00a0Edouard Martins a annonc\u00e9 d\u2019autres financements en faveur de la RCA. Mais, pour cela, le conseil d\u2019administration du FMI qui se tient au mois de juillet prochain doit approuver ces financements qui aideront \u00e0 la mise en \u0153uvre de l\u2019accord de paix dit de Khartoum sign\u00e9 \u00e0 Bangui le 6 f\u00e9vrier dernier entre le gouvernement et 14 groupes arm\u00e9s qui s\u00e9vissent en Centrafrique.<\/p>\n<p>\u00a0Signalons que l\u2019\u00c9conomie centrafricaine est soutenue par les institutions de Bretton Woods qui appuient la sortie du pays suite au conflit militaro politique qui le traverse.<\/p>\n<p>\u00a0Au terme de leur mission de 10 jours ce samedi en Centrafrique, la mission du Fonds Mon\u00e9taire Internationale conduite par Edouard Martins a \u00e9t\u00e9 re\u00e7ue par le Pr\u00e9sident de la R\u00e9publique Faustin Archange Touadera pour pr\u00e9senter les conclusions de leur s\u00e9jour dans le pays.<\/p>\n<p><ins data-revive-zoneid=\"9\" data-revive-id=\"10111e19d28d19d031742ee3b0b33eb0\"\/> <\/p>\n<\/div>\n<p>Auteur: APA News<br \/>\n<a href=\"https:\/\/www.journalducameroun.com\/fr\/centrafrique-le-fmi-fixe-le-taux-de-croissance-de-leconomie-de-45\/\">Cliquez ici pour lire l&rsquo;article depuis sa source.<\/a><\/p>\n","protected":false},"excerpt":{"rendered":"<p>Publi\u00e9 le 04.05.2019 \u00e0 20h18 par APA News L\u2019\u00e9conomie centrafricaine, malgr\u00e9 la persistance de l\u2019ins\u00e9curit\u00e9 qui emp\u00eache l\u2019Etat d\u2019engranger les recettes, devrait connaitre un taux de croissance de son \u00e9conomie de 4, 5% pour cette ann\u00e9e 2019, selon une mission du FMI conduite par Edouard Martins.Les diff\u00e9rentes r\u00e9formes financi\u00e8res engag\u00e9es par l\u2019Etat gr\u00e2ce \u00e0 l\u2019appui [&hellip;]<\/p>\n","protected":false},"author":1965,"featured_media":0,"comment_status":"closed","ping_status":"closed","sticky":false,"template":"","format":"standard","meta":{"fifu_image_url":"","fifu_image_alt":"","footnotes":""},"categories":[73,82],"tags":[],"class_list":["post-32167","post","type-post","status-publish","format-standard","hentry","category-actualite","category-cameroun"],"_links":{"self":[{"href":"https:\/\/linitiative.ca\/International\/wp-json\/wp\/v2\/posts\/32167","targetHints":{"allow":["GET"]}}],"collection":[{"href":"https:\/\/linitiative.ca\/International\/wp-json\/wp\/v2\/posts"}],"about":[{"href":"https:\/\/linitiative.ca\/International\/wp-json\/wp\/v2\/types\/post"}],"author":[{"embeddable":true,"href":"https:\/\/linitiative.ca\/International\/wp-json\/wp\/v2\/users\/1965"}],"replies":[{"embeddable":true,"href":"https:\/\/linitiative.ca\/International\/wp-json\/wp\/v2\/comments?post=32167"}],"version-history":[{"count":0,"href":"https:\/\/linitiative.ca\/International\/wp-json\/wp\/v2\/posts\/32167\/revisions"}],"wp:attachment":[{"href":"https:\/\/linitiative.ca\/International\/wp-json\/wp\/v2\/media?parent=32167"}],"wp:term":[{"taxonomy":"category","embeddable":true,"href":"https:\/\/linitiative.ca\/International\/wp-json\/wp\/v2\/categories?post=32167"},{"taxonomy":"post_tag","embeddable":true,"href":"https:\/\/linitiative.ca\/International\/wp-json\/wp\/v2\/tags?post=32167"}],"curies":[{"name":"wp","href":"https:\/\/api.w.org\/{rel}","templated":true}]}}