{"id":32169,"date":"2019-05-04T16:18:04","date_gmt":"2019-05-04T20:18:04","guid":{"rendered":"https:\/\/linitiative.ca\/International\/senegal-les-deputes-adoptent-le-projet-de-loi-supprimant-le-poste-de-pm\/"},"modified":"2019-05-04T16:18:04","modified_gmt":"2019-05-04T20:18:04","slug":"senegal-les-deputes-adoptent-le-projet-de-loi-supprimant-le-poste-de-pm","status":"publish","type":"post","link":"https:\/\/linitiative.ca\/International\/senegal-les-deputes-adoptent-le-projet-de-loi-supprimant-le-poste-de-pm\/","title":{"rendered":"S\u00e9n\u00e9gal : les d\u00e9put\u00e9s adoptent le projet de loi supprimant le poste de PM"},"content":{"rendered":"<div readability=\"32\">\n<p>Publi\u00e9 le 04.05.2019 \u00e0 21h18 par APA News<\/p>\n<\/div>\n<div readability=\"98\">\n<p>Cent vingt-quatre d\u00e9put\u00e9s (124) sur les cent soixante-cinq (165) que compte l\u2019Assembl\u00e9e nationale du S\u00e9n\u00e9gal ont vot\u00e9 samedi le projet de loi portant r\u00e9vision de la Constitution, qui supprime entre autres modifications le poste de Premier ministre.Le projet de loi constitutionnelle N\u00b007\/ 2019 portant r\u00e9vision de la constitution est pass\u00e9 comme lettre \u00e0 la poste, avec les d\u00e9put\u00e9s de la majorit\u00e9 qui ont fait peser leur poids nonobstant les d\u00e9saccords soulev\u00e9s par l\u2019opposition.<\/p>\n<p>124 d\u00e9put\u00e9s ont vot\u00e9 pour son adoption contre seulement sept (7) voix.<\/p>\n<p>Les travaux, ouverts \u00e0 10h30, \u00e9taient dirig\u00e9s par le pr\u00e9sident Moustapha Niasse. Et le texte de loi \u00e9tait d\u00e9fendu par le nouveau ministre de la Justice, Me Malick Sall.<\/p>\n<p>D\u00e9sormais, \u00ab le nouveau paradigme envisag\u00e9 permettra au pr\u00e9sident de la R\u00e9publique d\u2019\u00eatre au contact direct avec les niveaux d\u2019application, de mise en \u0153uvre, de suivi et d\u2019\u00e9valuation des politiques publique \u00bb, a expliqu\u00e9 le garde des sceaux sur le site Emedia.<\/p>\n<p>Toutefois, a fustig\u00e9 la d\u00e9put\u00e9e \u00a0A\u00efda Mbodji (opposition), \u00ab ce projet de loi va d\u00e9pouiller notre Assembl\u00e9e de certaines de ses pr\u00e9rogatives r\u00e9galiennes. Ce que nous ne devons pas accepter \u00bb.<\/p>\n<p>\u00ab Avec le vote de cette loi, l\u2019Assembl\u00e9e nationale n\u2019aura plus le pouvoir de contr\u00f4ler l\u2019action du gouvernement, encore moins le d\u00e9mettre m\u00eame si elle dispose de motifs valables pour le faire \u00bb, a soulign\u00e9 l\u2019ancienne proche de l\u2019ex-pr\u00e9sident Abdoulaye Wade.<\/p>\n<p><ins data-revive-zoneid=\"9\" data-revive-id=\"10111e19d28d19d031742ee3b0b33eb0\"\/> <\/p>\n<p>En effet, les grandes lignes de cette r\u00e9forme constitutionnelle touchent une vingtaine d\u2019articles sur la centaine que compte la Constitution et elle a comme finalit\u00e9 la c\u00e9l\u00e9rit\u00e9 dans les proc\u00e9dures administratives ou \u00ab Fast Track \u00bb, une expression lanc\u00e9e par le chef de l\u2019Etat.<\/p>\n<p>Silencieuse dans un premier temps, l\u2019opposition \u00e0 travers surtout ses quatre candidats malheureux \u00e0 la pr\u00e9sidentielle, avait dans un communiqu\u00e9 publi\u00e9 r\u00e9cemment, rejet\u00e9 pour diverses raisons ce projet de loi portant modification de la Constitution.<\/p>\n<p>Dans la forme, Idrissa Seck, Ousmane Sonko, Issa Sall et Madick\u00e9 Niang s\u2019y opposent au motif qu\u2019elle allait passer comme lettre \u00e0 la poste du fait qu\u2019elle sera soumise \u00e0 une institution constitu\u00e9e dans son \u00e9crasante majorit\u00e9 par des membres de la coalition pr\u00e9sidentielle.<\/p>\n<p>Dans le fond, les opposants d\u00e9plorent \u00abque des modifications aussi substantielles de la Constitution aient \u00e9t\u00e9 initi\u00e9es en l\u2019absence de toute forme de concertation\u00bb.<\/p>\n<p>Pendant que les d\u00e9bats se d\u00e9roulaient ce samedi matin \u00e0 l\u2019Assembl\u00e9e nationale, certains activistes, comme Guy Marius Sagna, combattant cette r\u00e9forme constitutionnelle, ont \u00e9t\u00e9 arr\u00eat\u00e9s aux abords de l\u2019H\u00e9micycle.<\/p>\n<\/div>\n<p>Auteur: APA News<br \/>\n<a href=\"https:\/\/www.journalducameroun.com\/fr\/senegal-les-deputes-adoptent-le-projet-de-loi-supprimant-le-poste-de-pm\/\">Cliquez ici pour lire l&rsquo;article depuis sa source.<\/a><\/p>\n","protected":false},"excerpt":{"rendered":"<p>Publi\u00e9 le 04.05.2019 \u00e0 21h18 par APA News Cent vingt-quatre d\u00e9put\u00e9s (124) sur les cent soixante-cinq (165) que compte l\u2019Assembl\u00e9e nationale du S\u00e9n\u00e9gal ont vot\u00e9 samedi le projet de loi portant r\u00e9vision de la Constitution, qui supprime entre autres modifications le poste de Premier ministre.Le projet de loi constitutionnelle N\u00b007\/ 2019 portant r\u00e9vision de la [&hellip;]<\/p>\n","protected":false},"author":1965,"featured_media":0,"comment_status":"closed","ping_status":"closed","sticky":false,"template":"","format":"standard","meta":{"fifu_image_url":"","fifu_image_alt":"","footnotes":""},"categories":[73,82],"tags":[],"class_list":["post-32169","post","type-post","status-publish","format-standard","hentry","category-actualite","category-cameroun"],"_links":{"self":[{"href":"https:\/\/linitiative.ca\/International\/wp-json\/wp\/v2\/posts\/32169","targetHints":{"allow":["GET"]}}],"collection":[{"href":"https:\/\/linitiative.ca\/International\/wp-json\/wp\/v2\/posts"}],"about":[{"href":"https:\/\/linitiative.ca\/International\/wp-json\/wp\/v2\/types\/post"}],"author":[{"embeddable":true,"href":"https:\/\/linitiative.ca\/International\/wp-json\/wp\/v2\/users\/1965"}],"replies":[{"embeddable":true,"href":"https:\/\/linitiative.ca\/International\/wp-json\/wp\/v2\/comments?post=32169"}],"version-history":[{"count":0,"href":"https:\/\/linitiative.ca\/International\/wp-json\/wp\/v2\/posts\/32169\/revisions"}],"wp:attachment":[{"href":"https:\/\/linitiative.ca\/International\/wp-json\/wp\/v2\/media?parent=32169"}],"wp:term":[{"taxonomy":"category","embeddable":true,"href":"https:\/\/linitiative.ca\/International\/wp-json\/wp\/v2\/categories?post=32169"},{"taxonomy":"post_tag","embeddable":true,"href":"https:\/\/linitiative.ca\/International\/wp-json\/wp\/v2\/tags?post=32169"}],"curies":[{"name":"wp","href":"https:\/\/api.w.org\/{rel}","templated":true}]}}