{"id":32170,"date":"2019-05-04T16:50:02","date_gmt":"2019-05-04T20:50:02","guid":{"rendered":"https:\/\/linitiative.ca\/International\/algerie-le-puissant-frere-de-lex-president-arrete-source-securitaire\/"},"modified":"2019-05-04T16:50:02","modified_gmt":"2019-05-04T20:50:02","slug":"algerie-le-puissant-frere-de-lex-president-arrete-source-securitaire","status":"publish","type":"post","link":"https:\/\/linitiative.ca\/International\/algerie-le-puissant-frere-de-lex-president-arrete-source-securitaire\/","title":{"rendered":"Alg\u00e9rie: le puissant fr\u00e8re de l\u2019ex-pr\u00e9sident arr\u00eat\u00e9 (source s\u00e9curitaire)"},"content":{"rendered":"<div readability=\"32\">\n<p>Publi\u00e9 le 04.05.2019 \u00e0 21h50 par AFP<\/p>\n<\/div>\n<div readability=\"128\">\n<p>Sa\u00efd Bouteflika, fr\u00e8re et puissant ex-conseiller du pr\u00e9sident alg\u00e9rien d\u00e9chu Abdelaziz Bouteflika, a \u00e9t\u00e9 arr\u00eat\u00e9 samedi ainsi que deux anciens hauts responsables du renseignement, selon une source s\u00e9curitaire, un jour apr\u00e8s de nouvelles manifestations massives contre le pouvoir en Alg\u00e9rie.<\/p>\n<p>Sa\u00efd Bouteflika, 61 ans, \u00e9tait consid\u00e9r\u00e9 comme le v\u00e9ritable homme fort du palais pr\u00e9sidentiel depuis l\u2019accident vasculaire c\u00e9r\u00e9bral dont a \u00e9t\u00e9 victime son fr\u00e8re Abdelaziz en avril 2013. A ce titre, il est l\u2019une des figures honnies des manifestants.<\/p>\n<p>L\u2019Alg\u00e9rie est le th\u00e9\u00e2tre de manifestations depuis le 22 f\u00e9vrier, qui ont pouss\u00e9 Abdelaziz Bouteflika \u00e0 la d\u00e9mission le 2 avril apr\u00e8s 20 ans \u00e0 la t\u00eate de ce pays p\u00e9trolier. Mais les protestataires continuent de r\u00e9clamer le d\u00e9part de toutes les figures du syst\u00e8me li\u00e9 \u00e0 l\u2019ancien pr\u00e9sident.<\/p>\n<p>Sa\u00efd Bouteflika n\u2019\u00e9tait apparu en public depuis la d\u00e9mission de son fr\u00e8re.<\/p>\n<p>La source s\u00e9curitaire n\u2019a pas pr\u00e9cis\u00e9 les raisons des arrestations du fr\u00e8re cadet de l\u2019ex-pr\u00e9sident ainsi que du g\u00e9n\u00e9ral Mohamed Mediene dit \u00ab\u00a0Toufik\u00a0\u00bb, patron des services secrets d\u2019Alg\u00e9rie durant 25 ans, et de l\u2019ex-coordinateur des services de renseignements Athmane Tartag alias \u00ab\u00a0Bachir\u00a0\u00bb.<\/p>\n<p>Ni la police ni l\u2019arm\u00e9e alg\u00e9riennes n\u2019\u00e9taient joignables dans l\u2019imm\u00e9diat pour commenter officiellement cette information.<\/p>\n<p>Homme fort de facto du pays depuis qu\u2019il a l\u00e2ch\u00e9 l\u2019ex-pr\u00e9sident, dont il avait \u00e9t\u00e9 un fervent soutien dans le pass\u00e9, le chef d\u2019\u00e9tat-major de l\u2019arm\u00e9e, le g\u00e9n\u00e9ral Ahmed Ga\u00efd Salah, entretient des relations houleuses avec le g\u00e9n\u00e9ral \u00ab\u00a0Toufik\u00a0\u00bb.<\/p>\n<p>Mi-avril, il l\u2019avait accus\u00e9 publiquement de \u00ab\u00a0conspirer\u00a0\u00bb pour entraver les solutions de sortie de crise et lui avait \u00ab\u00a0lanc\u00e9 un dernier avertissement\u00a0\u00bb.<\/p>\n<p>Sous la pr\u00e9sidence d\u2019Abdelaziz Bouteflika, le g\u00e9n\u00e9ral Ga\u00efd Salah avait pouss\u00e9 \u00ab\u00a0Toufik\u00a0\u00bb \u00e0 la sortie en septembre 2015, puis avait contribu\u00e9 \u00e0 la dissolution de son service plac\u00e9 sous la tutelle de l\u2019arm\u00e9e mais qui \u00e9tait consid\u00e9r\u00e9 comme un Etat dans l\u2019Etat.<\/p>\n<p>\u2013 Autre g\u00e9n\u00e9ral dans le collimateur \u2013<\/p>\n<p><ins data-revive-zoneid=\"9\" data-revive-id=\"10111e19d28d19d031742ee3b0b33eb0\"\/> <\/p>\n<p>Le g\u00e9n\u00e9ral Tartag, pr\u00e9sent\u00e9 par la presse alg\u00e9rienne comme un proche de Sa\u00efd Bouteflika, avait lui \u00e9t\u00e9 limog\u00e9 aussit\u00f4t apr\u00e8s la d\u00e9mission du chef de l\u2019Etat.<\/p>\n<p>Lui aussi semblait avoir \u00e9t\u00e9 vis\u00e9 indirectement par des accusations du chef d\u2019\u00e9tat-major qui avait d\u00e9nonc\u00e9 une r\u00e9union entre des \u00ab\u00a0individus connus (\u2026) en vue de mener une campagne m\u00e9diatique virulente contre l\u2019arm\u00e9e\u00a0\u00bb.<\/p>\n<p>Selon la presse, cette rencontre avait r\u00e9uni le g\u00e9n\u00e9ral \u00ab\u00a0Toufik\u00a0\u00bb, le g\u00e9n\u00e9ral Tartag et Sa\u00efd Bouteflika. Mais le dit \u00ab\u00a0Toufik\u00a0\u00bb avait ni\u00e9 avoir rencontr\u00e9 le g\u00e9n\u00e9ral Tartag \u00e0 cette \u00ab\u00a0pseudo-r\u00e9union\u00a0\u00bb, dans une d\u00e9claration transmise \u00e0 des m\u00e9dias.<\/p>\n<p>L\u2019ancien homme fort de l\u2019arm\u00e9e alg\u00e9rienne, le g\u00e9n\u00e9ral Khaled Nezzar, a accus\u00e9 r\u00e9cemment Sa\u00efd Bouteflika de vouloir instaurer l\u2019\u00e9tat d\u2019urgence ou l\u2019\u00e9tat de si\u00e8ge, et d\u2019avoir m\u00eame envisag\u00e9 de limoger le g\u00e9n\u00e9ral Ga\u00efd Salah, avant la d\u00e9mission de son fr\u00e8re.<\/p>\n<p>Plusieurs personnalit\u00e9s proches du r\u00e9gime Bouteflika -politiques ou \u00e9conomiques- ont \u00e9t\u00e9 entendues ou arr\u00eat\u00e9es ces derni\u00e8res semaines.<\/p>\n<p>Cinq puissants et richissimes hommes d\u2019affaires, dont quatre proches de M. Bouteflika et de son fr\u00e8re, ont \u00e9t\u00e9 plac\u00e9s en d\u00e9tention provisoire. Le parquet d\u2019Alger a aussi entendu cette semaine Ahmed Ouyahia, quatre fois Premier ministre depuis 1995.<\/p>\n<p>Le g\u00e9n\u00e9ral Ga\u00efd Salah a r\u00e9cemment appel\u00e9 la justice \u00e0 \u00ab\u00a0acc\u00e9l\u00e9rer la cadence\u00a0\u00bb des enqu\u00eates, une demande assimil\u00e9e \u00e0 une \u00ab\u00a0injonction\u00a0\u00bb par ses d\u00e9tracteurs.<\/p>\n<p>Certains observateurs craignent que, tout en \u00e9tant une r\u00e9ponse \u00e0 la contestation qui d\u00e9nonce les liens entre le pouvoir et les \u00ab\u00a0oligarques\u00a0\u00bb -des hommes d\u2019affaires ayant fait fortune gr\u00e2ce \u00e0 des contrats publics-, ces enqu\u00eates servent de levier de \u00ab\u00a0purge\u00a0\u00bb interne.<\/p>\n<\/div>\n<p>Auteur: AFP<br \/>\n<a href=\"https:\/\/www.journalducameroun.com\/fr\/algerie-le-puissant-frere-de-lex-president-arrete-source-securitaire\/\">Cliquez ici pour lire l&rsquo;article depuis sa source.<\/a><\/p>\n","protected":false},"excerpt":{"rendered":"<p>Publi\u00e9 le 04.05.2019 \u00e0 21h50 par AFP Sa\u00efd Bouteflika, fr\u00e8re et puissant ex-conseiller du pr\u00e9sident alg\u00e9rien d\u00e9chu Abdelaziz Bouteflika, a \u00e9t\u00e9 arr\u00eat\u00e9 samedi ainsi que deux anciens hauts responsables du renseignement, selon une source s\u00e9curitaire, un jour apr\u00e8s de nouvelles manifestations massives contre le pouvoir en Alg\u00e9rie. Sa\u00efd Bouteflika, 61 ans, \u00e9tait consid\u00e9r\u00e9 comme le [&hellip;]<\/p>\n","protected":false},"author":1965,"featured_media":0,"comment_status":"closed","ping_status":"closed","sticky":false,"template":"","format":"standard","meta":{"fifu_image_url":"","fifu_image_alt":"","footnotes":""},"categories":[73,82],"tags":[],"class_list":["post-32170","post","type-post","status-publish","format-standard","hentry","category-actualite","category-cameroun"],"_links":{"self":[{"href":"https:\/\/linitiative.ca\/International\/wp-json\/wp\/v2\/posts\/32170","targetHints":{"allow":["GET"]}}],"collection":[{"href":"https:\/\/linitiative.ca\/International\/wp-json\/wp\/v2\/posts"}],"about":[{"href":"https:\/\/linitiative.ca\/International\/wp-json\/wp\/v2\/types\/post"}],"author":[{"embeddable":true,"href":"https:\/\/linitiative.ca\/International\/wp-json\/wp\/v2\/users\/1965"}],"replies":[{"embeddable":true,"href":"https:\/\/linitiative.ca\/International\/wp-json\/wp\/v2\/comments?post=32170"}],"version-history":[{"count":0,"href":"https:\/\/linitiative.ca\/International\/wp-json\/wp\/v2\/posts\/32170\/revisions"}],"wp:attachment":[{"href":"https:\/\/linitiative.ca\/International\/wp-json\/wp\/v2\/media?parent=32170"}],"wp:term":[{"taxonomy":"category","embeddable":true,"href":"https:\/\/linitiative.ca\/International\/wp-json\/wp\/v2\/categories?post=32170"},{"taxonomy":"post_tag","embeddable":true,"href":"https:\/\/linitiative.ca\/International\/wp-json\/wp\/v2\/tags?post=32170"}],"curies":[{"name":"wp","href":"https:\/\/api.w.org\/{rel}","templated":true}]}}