{"id":32171,"date":"2019-05-04T16:50:03","date_gmt":"2019-05-04T20:50:03","guid":{"rendered":"https:\/\/linitiative.ca\/International\/senegal-le-parlement-adopte-la-reforme-constitutionnelle\/"},"modified":"2019-05-04T16:50:03","modified_gmt":"2019-05-04T20:50:03","slug":"senegal-le-parlement-adopte-la-reforme-constitutionnelle","status":"publish","type":"post","link":"https:\/\/linitiative.ca\/International\/senegal-le-parlement-adopte-la-reforme-constitutionnelle\/","title":{"rendered":"S\u00e9n\u00e9gal: le Parlement adopte la r\u00e9forme constitutionnelle"},"content":{"rendered":"<div readability=\"32\">\n<p>Publi\u00e9 le 04.05.2019 \u00e0 21h50 par AFP<\/p>\n<\/div>\n<div readability=\"137\">\n<p>Les d\u00e9put\u00e9s s\u00e9n\u00e9galais ont adopt\u00e9 samedi la r\u00e9vision de la Constitution devant mener \u00e0 la suppression du poste de Premier ministre, une initiative du pouvoir d\u00e9nonc\u00e9e par l\u2019opposition et la soci\u00e9t\u00e9 civile, deux mois apr\u00e8s la r\u00e9\u00e9lection du pr\u00e9sident Macky Sall.<\/p>\n<p>Dans un h\u00e9micycle quasi-complet, \u00e0 l\u2019issue d\u2019une s\u00e9ance marathon de neuf heures, parfois agit\u00e9e, 124 d\u00e9put\u00e9s ont vot\u00e9 pour, et seulement sept contre, a annonc\u00e9 le pr\u00e9sident de l\u2019Assembl\u00e9e nationale Moustapha Niasse peu apr\u00e8s 19H (locales et GMT). Un vote sans suspense, le pouvoir disposant d\u2019une large majorit\u00e9 au parlement.<\/p>\n<p>Cette r\u00e9vision, qui porte sur une vingtaine d\u2019articles de la Constitution, \u00e9tablit un nouvel \u00e9quilibre entre les pouvoirs, en renfor\u00e7ant le caract\u00e8re pr\u00e9sidentiel du r\u00e9gime s\u00e9n\u00e9galais.<\/p>\n<p>Outre la suppression du poste de Premier ministre, pr\u00e9vue \u00e0 br\u00e8ve \u00e9ch\u00e9ance, l\u2019autre grand changement sera que le pr\u00e9sident de la R\u00e9publique ne pourra plus dissoudre l\u2019Assembl\u00e9e nationale, laquelle ne pourra plus d\u00e9poser une motion de censure pour renverser le gouvernement.<\/p>\n<p>Cette r\u00e9forme n\u2019est pas \u00ab\u00a0politique\u00a0\u00bb, mais \u00ab\u00a0uniquement technique et administrative\u00a0\u00bb. \u00ab\u00a0L\u2019objectif n\u2019est pas d\u2019accro\u00eetre les pouvoirs du pr\u00e9sident de la R\u00e9publique\u00a0\u00bb, a plaid\u00e9 devant les d\u00e9put\u00e9s le ministre de la Justice Malick Sall face aux critiques de l\u2019opposition.<\/p>\n<p>Au pouvoir depuis 2012, et r\u00e9\u00e9lu fin f\u00e9vrier, le pr\u00e9sident Macky Sall a promis d\u2019acc\u00e9l\u00e9rer les transformations de l\u2019\u00e9conomie s\u00e9n\u00e9galaise, et entend, par la suppression du poste de Premier ministre, mettre fin aux \u00ab\u00a0goulets d\u2019\u00e9tranglement\u00a0\u00bb en \u00e9tant \u00ab\u00a0directement au contact avec les niveaux administratifs\u00a0\u00bb, selon ses services.<\/p>\n<p>Les principaux partis d\u2019opposition se sont oppos\u00e9s \u00e0 la r\u00e9vision constitutionnelle.<\/p>\n<p>Le Parti d\u00e9mocratique s\u00e9n\u00e9galais (PDS) de l\u2019ex-pr\u00e9sident Abdoulaye Wade l\u2019a qualifi\u00e9 de \u00ab\u00a0sans int\u00e9r\u00eat\u00a0\u00bb, d\u00e9plorant que cette r\u00e9forme ait \u00e9t\u00e9 \u00ab\u00a0volontairement dissimul\u00e9e pendant la campagne \u00e9lectorale\u00a0\u00bb.<\/p>\n<p>De fait, Macky Sall ne l\u2019avait pas \u00e9voqu\u00e9 pendant sa campagne, et il a surpris les S\u00e9n\u00e9galais en l\u2019annon\u00e7ant le 6 avril, quatre jours apr\u00e8s avoir pr\u00eat\u00e9 serment pour son second mandat.<\/p>\n<p><ins data-revive-zoneid=\"9\" data-revive-id=\"10111e19d28d19d031742ee3b0b33eb0\"\/> <\/p>\n<p>\u2013 quartier boucl\u00e9 \u2013<\/p>\n<p>Ses quatre rivaux malheureux \u00e0 la pr\u00e9sidentielle du 24 f\u00e9vrier, l\u2019ex-Premier ministre Idrissa Seck, le d\u00e9put\u00e9 Ousmane Sonko \u2013 figure montante de l\u2019opposition-, l\u2019ancien ministre Madick\u00e9 Niang et l\u2019universitaire Ibrahima Sall, ont aussi d\u00e9nonc\u00e9 cette r\u00e9forme.<\/p>\n<p>Ils \u00ab\u00a0r\u00e9prouvent le fait que des modifications aussi substantielles de la Constitution aient \u00e9t\u00e9 initi\u00e9es en l\u2019absence de toute forme de concertation\u00a0\u00bb, selon un communiqu\u00e9 commun.<\/p>\n<p>Selon eux, \u00ab\u00a0des r\u00e9formes d\u2019une si grande ampleur ne seraient l\u00e9gitimes que si elles sont effectu\u00e9es par voie r\u00e9f\u00e9rendaire (\u2026) d\u2019autant plus que ce projet n\u2019a \u00e9t\u00e9 mentionn\u00e9 dans aucun des programmes propos\u00e9s aux s\u00e9n\u00e9galais lors de l\u2019\u00e9lection pr\u00e9sidentielle\u00a0\u00bb.<\/p>\n<p>Quatre figures de la soci\u00e9t\u00e9 civile, qui avaient appel\u00e9 \u00e0 manifester contre la r\u00e9vision, ont \u00e9t\u00e9 arr\u00eat\u00e9s de fa\u00e7on muscl\u00e9e par la police devant l\u2019Assembl\u00e9e dans la matin\u00e9e, a constat\u00e9 l\u2019AFP. Parmi eux figurait le leader du mouvement Frapp France D\u00e9gage, Guy Marius Sagna, qui scandait \u00ab\u00a0Macky Sall dictateur !\u00a0\u00bb, avant de se faire embarquer.<\/p>\n<p>Plusieurs organisations de la soci\u00e9t\u00e9 civile avaient appel\u00e9 \u00e0 des manifestations devant l\u2019Assembl\u00e9e, mais les forces de l\u2019ordre avaient boucl\u00e9 les acc\u00e8s au quartier du Plateau, le centre de Dakar, o\u00f9 toute manifestation est interdite en vertu d\u2019un arr\u00eat\u00e9 minist\u00e9riel de 2011.<\/p>\n<p>Le S\u00e9n\u00e9gal, qui fait figure de mod\u00e8le d\u00e9mocratique en Afrique, s\u2019\u00e9tait d\u00e9j\u00e0 pass\u00e9 de Premier ministre dans les ann\u00e9es 1960 sous la pr\u00e9sidence de L\u00e9opold S\u00e9dar Senghor et au d\u00e9but des ann\u00e9es 1980 sous celle d\u2019Abdou Diouf.<\/p>\n<p>L\u2019actuel chef du gouvernement, Mahammed Boun Abdallah Dionne, reconduit le 6 avril, doit maintenant pr\u00e9parer la disparition de sa fonction.<\/p>\n<\/div>\n<p>Auteur: AFP<br \/>\n<a href=\"https:\/\/www.journalducameroun.com\/fr\/senegal-le-parlement-adopte-la-reforme-constitutionnelle\/\">Cliquez ici pour lire l&rsquo;article depuis sa source.<\/a><\/p>\n","protected":false},"excerpt":{"rendered":"<p>Publi\u00e9 le 04.05.2019 \u00e0 21h50 par AFP Les d\u00e9put\u00e9s s\u00e9n\u00e9galais ont adopt\u00e9 samedi la r\u00e9vision de la Constitution devant mener \u00e0 la suppression du poste de Premier ministre, une initiative du pouvoir d\u00e9nonc\u00e9e par l\u2019opposition et la soci\u00e9t\u00e9 civile, deux mois apr\u00e8s la r\u00e9\u00e9lection du pr\u00e9sident Macky Sall. Dans un h\u00e9micycle quasi-complet, \u00e0 l\u2019issue d\u2019une [&hellip;]<\/p>\n","protected":false},"author":1965,"featured_media":0,"comment_status":"closed","ping_status":"closed","sticky":false,"template":"","format":"standard","meta":{"fifu_image_url":"","fifu_image_alt":"","footnotes":""},"categories":[73,82],"tags":[],"class_list":["post-32171","post","type-post","status-publish","format-standard","hentry","category-actualite","category-cameroun"],"_links":{"self":[{"href":"https:\/\/linitiative.ca\/International\/wp-json\/wp\/v2\/posts\/32171","targetHints":{"allow":["GET"]}}],"collection":[{"href":"https:\/\/linitiative.ca\/International\/wp-json\/wp\/v2\/posts"}],"about":[{"href":"https:\/\/linitiative.ca\/International\/wp-json\/wp\/v2\/types\/post"}],"author":[{"embeddable":true,"href":"https:\/\/linitiative.ca\/International\/wp-json\/wp\/v2\/users\/1965"}],"replies":[{"embeddable":true,"href":"https:\/\/linitiative.ca\/International\/wp-json\/wp\/v2\/comments?post=32171"}],"version-history":[{"count":0,"href":"https:\/\/linitiative.ca\/International\/wp-json\/wp\/v2\/posts\/32171\/revisions"}],"wp:attachment":[{"href":"https:\/\/linitiative.ca\/International\/wp-json\/wp\/v2\/media?parent=32171"}],"wp:term":[{"taxonomy":"category","embeddable":true,"href":"https:\/\/linitiative.ca\/International\/wp-json\/wp\/v2\/categories?post=32171"},{"taxonomy":"post_tag","embeddable":true,"href":"https:\/\/linitiative.ca\/International\/wp-json\/wp\/v2\/tags?post=32171"}],"curies":[{"name":"wp","href":"https:\/\/api.w.org\/{rel}","templated":true}]}}