{"id":32194,"date":"2019-05-04T18:18:04","date_gmt":"2019-05-04T22:18:04","guid":{"rendered":"https:\/\/linitiative.ca\/International\/fpi-affi-nguessan-assure-etre-toujours-en-contact-avec-gbagbo\/"},"modified":"2019-05-04T18:18:04","modified_gmt":"2019-05-04T22:18:04","slug":"fpi-affi-nguessan-assure-etre-toujours-en-contact-avec-gbagbo","status":"publish","type":"post","link":"https:\/\/linitiative.ca\/International\/fpi-affi-nguessan-assure-etre-toujours-en-contact-avec-gbagbo\/","title":{"rendered":"FPI: Affi N\u2019guessan assure \u00ab\u00eatre toujours en contact \u00bb avec Gbagbo"},"content":{"rendered":"<div readability=\"32\">\n<p>Publi\u00e9 le 04.05.2019 \u00e0 23h18 par APA News<\/p>\n<\/div>\n<div readability=\"76\">\n<p>Le pr\u00e9sident statutaire du Front populaire ivoirien (FPI, opposition) a rassur\u00e9, samedi \u00e0 Adzop\u00e9 (78 km \u00e0 l\u2019Est d\u2019Abidjan) qu\u2019il est \u00abtoujours en contact\u00bb avec Laurent Gbagbo, fondateur de ce parti.Affi N\u2019guessan animait un meeting \u00e0 l\u2019occasion de la F\u00eate de la Libert\u00e9 organis\u00e9e par sa tendance, une semaine apr\u00e8s celle du camp dirig\u00e9 par l\u2019ex-ministre Assoa Adou, proche de Laurent Gbagbo, \u00e0 Du\u00e9kou\u00e9 (501 km \u00e0 l\u2019Ouest d\u2019Abidjan).<\/p>\n<p>Devant des milliers de partisans, M. Affi a indiqu\u00e9 \u00ab\u00eatre toujours en contact avec Laurent Gbagbo \u00bb, insistant que \u00ab le parti fera son unit\u00e9 avant les \u00e9lections pr\u00e9sidentielles de 2020\u00bb, \u00e0 la grande satisfaction des militants.<\/p>\n<p>\u00a0\u00abSoyez confiants, m\u00eame si la rencontre de Bruxelles a \u00e9chou\u00e9. Soyez sereins. Je suis toujours en contact avec le pr\u00e9sident Gbagbo. Les contacts ont repris. Nous nous retrouverons bient\u00f4t pour faire l\u2019unit\u00e9 du FPI dans la v\u00e9rit\u00e9 \u00bb, a rassur\u00e9 \u00a0Pascal Affi N\u2019guessan.<\/p>\n<p>Le 21 mars, Affi N\u2019guessan et Laurent Gbagbo devraient se rencontrer \u00e0 Bruxelles pour \u00abmettre fin \u00bb \u00e0 cinq ann\u00e9es de division du parti fond\u00e9 par l\u2019ex-pr\u00e9sident ivoirien, scind\u00e9 en deux blocs depuis juillet 2014.<\/p>\n<p><ins data-revive-zoneid=\"9\" data-revive-id=\"10111e19d28d19d031742ee3b0b33eb0\"\/> <\/p>\n<p>L\u2019un rest\u00e9 \u00abfid\u00e8le\u00bb au fondateur et baptis\u00e9 GOR (Gbagbo ou rien) dirig\u00e9 par feu Abou Drahamane Sangar\u00e9 , le \u00ab jumeau \u00bb de Gbagbo puis par Adou Assoa apr\u00e8s le d\u00e9c\u00e8s en d\u00e9cembre de M. Sangar\u00e9 et l\u2019autre dirig\u00e9 par Affi N\u2019guessan, reconnu officiellement par les autorit\u00e9s ivoiriennes.<\/p>\n<p>Malgr\u00e9 la disponibilit\u00e9 de Laurent Gbagbo \u00e0 rencontrer son ex-Premier ministre, il a soumis ces retrouvailles \u00e0 un \u00ab\u00e9claircissement pr\u00e9alable et public \u00bb sous la forme de reconnaissance par M. Affi des \u00ab congr\u00e8s de Mama et Moossou \u00bb qui l\u2019ont \u00e9lu au poste d\u2019unique pr\u00e9sident du FPI. Ce que Pascal Affi N\u2019guessan, d\u00e9j\u00e0 pr\u00e9sent \u00e0 Paris pour rallier Bruxelles, a r\u00e9fut\u00e9 en regagnant Abidjan, estimant que c\u2019\u00e9tait une \u00ab humiliation \u00bb de trop.<\/p>\n<\/div>\n<p>Auteur: APA News<br \/>\n<a href=\"https:\/\/www.journalducameroun.com\/fr\/fpi-affi-nguessan-assure-etre-toujours-en-contact-avec-gbagbo\/\">Cliquez ici pour lire l&rsquo;article depuis sa source.<\/a><\/p>\n","protected":false},"excerpt":{"rendered":"<p>Publi\u00e9 le 04.05.2019 \u00e0 23h18 par APA News Le pr\u00e9sident statutaire du Front populaire ivoirien (FPI, opposition) a rassur\u00e9, samedi \u00e0 Adzop\u00e9 (78 km \u00e0 l\u2019Est d\u2019Abidjan) qu\u2019il est \u00abtoujours en contact\u00bb avec Laurent Gbagbo, fondateur de ce parti.Affi N\u2019guessan animait un meeting \u00e0 l\u2019occasion de la F\u00eate de la Libert\u00e9 organis\u00e9e par sa tendance, [&hellip;]<\/p>\n","protected":false},"author":1965,"featured_media":0,"comment_status":"closed","ping_status":"closed","sticky":false,"template":"","format":"standard","meta":{"fifu_image_url":"","fifu_image_alt":"","footnotes":""},"categories":[73,82],"tags":[],"class_list":["post-32194","post","type-post","status-publish","format-standard","hentry","category-actualite","category-cameroun"],"_links":{"self":[{"href":"https:\/\/linitiative.ca\/International\/wp-json\/wp\/v2\/posts\/32194","targetHints":{"allow":["GET"]}}],"collection":[{"href":"https:\/\/linitiative.ca\/International\/wp-json\/wp\/v2\/posts"}],"about":[{"href":"https:\/\/linitiative.ca\/International\/wp-json\/wp\/v2\/types\/post"}],"author":[{"embeddable":true,"href":"https:\/\/linitiative.ca\/International\/wp-json\/wp\/v2\/users\/1965"}],"replies":[{"embeddable":true,"href":"https:\/\/linitiative.ca\/International\/wp-json\/wp\/v2\/comments?post=32194"}],"version-history":[{"count":0,"href":"https:\/\/linitiative.ca\/International\/wp-json\/wp\/v2\/posts\/32194\/revisions"}],"wp:attachment":[{"href":"https:\/\/linitiative.ca\/International\/wp-json\/wp\/v2\/media?parent=32194"}],"wp:term":[{"taxonomy":"category","embeddable":true,"href":"https:\/\/linitiative.ca\/International\/wp-json\/wp\/v2\/categories?post=32194"},{"taxonomy":"post_tag","embeddable":true,"href":"https:\/\/linitiative.ca\/International\/wp-json\/wp\/v2\/tags?post=32194"}],"curies":[{"name":"wp","href":"https:\/\/api.w.org\/{rel}","templated":true}]}}