{"id":32195,"date":"2019-05-04T18:18:05","date_gmt":"2019-05-04T22:18:05","guid":{"rendered":"https:\/\/linitiative.ca\/International\/un-depute-explique-aux-ivoiriens-vivant-au-senegal-la-necessite-dadherer-au-rhdp\/"},"modified":"2019-05-04T18:18:05","modified_gmt":"2019-05-04T22:18:05","slug":"un-depute-explique-aux-ivoiriens-vivant-au-senegal-la-necessite-dadherer-au-rhdp","status":"publish","type":"post","link":"https:\/\/linitiative.ca\/International\/un-depute-explique-aux-ivoiriens-vivant-au-senegal-la-necessite-dadherer-au-rhdp\/","title":{"rendered":"Un d\u00e9put\u00e9 explique aux Ivoiriens vivant au S\u00e9n\u00e9gal la n\u00e9cessit\u00e9 d\u2019adh\u00e9rer au RHDP"},"content":{"rendered":"<div readability=\"32\">\n<p>Publi\u00e9 le 04.05.2019 \u00e0 23h18 par APA News<\/p>\n<\/div>\n<div readability=\"78\">\n<p>Le d\u00e9put\u00e9 ivoirien Dr Jean-Fran\u00e7ois Sonan, membres du Rassemblement des houphou\u00ebtistes pour la d\u00e9mocratie et la paix (RHDP, majorit\u00e9 pr\u00e9sidentielle en C\u00f4te d\u2019Ivoire) a annonc\u00e9, samedi \u00e0 Abidjan, avoir expliqu\u00e9 aux Ivoiriens vivant au S\u00e9n\u00e9gal la n\u00e9cessit\u00e9 d\u2019adh\u00e9rer \u00e0 cette coalition qui permet aujourd\u2019hui au pays d\u2019avoir un rayonnement national et international.L\u2019honorable Dr Sonan a s\u00e9journ\u00e9 fin avril \u00e0 Dakar o\u00f9 il a rencontr\u00e9 la F\u00e9d\u00e9ration des amicales des ressortissants des Ivoiriens au S\u00e9n\u00e9gal (FARIS) ainsi que l\u2019Amicale des \u00e9l\u00e8ves, \u00e9tudiants et stagiaires ivoiriens au S\u00e9n\u00e9gal (AMEESIS). \u00a0<\/p>\n<p>\u00ab Ces rencontres ont \u00e9t\u00e9 l\u2019occasion pour mon coll\u00e8gue, l\u2019honorable Dr Karim Kouyat\u00e9 et moi d\u2019expliquer aux Ivoiriens vivant au S\u00e9n\u00e9gal notre adh\u00e9sion au RHDP \u00bb, a-t-il d\u00e9clar\u00e9 dans un point de presse du bilan de ce s\u00e9jour dans la capitale s\u00e9n\u00e9galaise pour faire la \u00ab promotion des actions du RHDP, du pr\u00e9sident Alassane Ouattara et du gouvernement \u00bb.<\/p>\n<p>Pour lui, la situation de paix et de d\u00e9veloppement que conna\u00eet la C\u00f4te d\u2019Ivoire ces derni\u00e8res ann\u00e9es, la construction de plusieurs infrastructures (ponts, routes\u2026) ainsi que des investissements massifs dans la s\u00e9curit\u00e9, l\u2019\u00e9ducation et la sant\u00e9 sous la houlette du Chef de l\u2019Etat Alassane Ouattara ne doivent laisser personne \u00a0indiff\u00e9rente.<\/p>\n<p>\u00abLa politique n\u2019est pas le culte de la personnalit\u00e9 (\u2026) On peut critiquer mais quand c\u2019est bien, il faut avoir aussi le courage pour le dire \u00bb, a poursuivi Dr Jean-Fran\u00e7ois Sonan qui dit avoir invit\u00e9 ses compatriotes vivant dans le pays de la T\u00e9ranga \u00e0 s\u2019investir et s\u2019engager au RHDP.<\/p>\n<p><ins data-revive-zoneid=\"9\" data-revive-id=\"10111e19d28d19d031742ee3b0b33eb0\"\/> <\/p>\n<p>Par ailleurs, les ressortissants ivoiriens ont soumis quelques dol\u00e9ances aux parlementaires de leur pays. A ce sujet, ils souhaitent avoir la possibilit\u00e9 d\u2019\u00e9tablir ou de renouveler leur Carte nationale d\u2019identit\u00e9 (CNI) sur place au S\u00e9n\u00e9gal au moment venu.<\/p>\n<p>Avant de prendre cong\u00e9s des Ivoiriens de Dakar, \u00a0Jean-Fran\u00e7ois Sonan \u00e9lu dans la circonscription \u00e9lectorale de \u00a0Kouassi-Dat\u00e9kro (Koun-Fao, Nord-Est) \u00a0leur a offert 1,5 million Fcfa pour la pose de la premi\u00e8re de leur si\u00e8ge qu\u2019ils ambitionnent de construire dans la capitale s\u00e9n\u00e9galaise.<\/p>\n<\/div>\n<p>Auteur: APA News<br \/>\n<a href=\"https:\/\/www.journalducameroun.com\/fr\/un-depute-explique-aux-ivoiriens-vivant-au-senegal-la-necessite-dadherer-au-rhdp\/\">Cliquez ici pour lire l&rsquo;article depuis sa source.<\/a><\/p>\n","protected":false},"excerpt":{"rendered":"<p>Publi\u00e9 le 04.05.2019 \u00e0 23h18 par APA News Le d\u00e9put\u00e9 ivoirien Dr Jean-Fran\u00e7ois Sonan, membres du Rassemblement des houphou\u00ebtistes pour la d\u00e9mocratie et la paix (RHDP, majorit\u00e9 pr\u00e9sidentielle en C\u00f4te d\u2019Ivoire) a annonc\u00e9, samedi \u00e0 Abidjan, avoir expliqu\u00e9 aux Ivoiriens vivant au S\u00e9n\u00e9gal la n\u00e9cessit\u00e9 d\u2019adh\u00e9rer \u00e0 cette coalition qui permet aujourd\u2019hui au pays d\u2019avoir [&hellip;]<\/p>\n","protected":false},"author":1965,"featured_media":0,"comment_status":"closed","ping_status":"closed","sticky":false,"template":"","format":"standard","meta":{"fifu_image_url":"","fifu_image_alt":"","footnotes":""},"categories":[73,82],"tags":[],"class_list":["post-32195","post","type-post","status-publish","format-standard","hentry","category-actualite","category-cameroun"],"_links":{"self":[{"href":"https:\/\/linitiative.ca\/International\/wp-json\/wp\/v2\/posts\/32195","targetHints":{"allow":["GET"]}}],"collection":[{"href":"https:\/\/linitiative.ca\/International\/wp-json\/wp\/v2\/posts"}],"about":[{"href":"https:\/\/linitiative.ca\/International\/wp-json\/wp\/v2\/types\/post"}],"author":[{"embeddable":true,"href":"https:\/\/linitiative.ca\/International\/wp-json\/wp\/v2\/users\/1965"}],"replies":[{"embeddable":true,"href":"https:\/\/linitiative.ca\/International\/wp-json\/wp\/v2\/comments?post=32195"}],"version-history":[{"count":0,"href":"https:\/\/linitiative.ca\/International\/wp-json\/wp\/v2\/posts\/32195\/revisions"}],"wp:attachment":[{"href":"https:\/\/linitiative.ca\/International\/wp-json\/wp\/v2\/media?parent=32195"}],"wp:term":[{"taxonomy":"category","embeddable":true,"href":"https:\/\/linitiative.ca\/International\/wp-json\/wp\/v2\/categories?post=32195"},{"taxonomy":"post_tag","embeddable":true,"href":"https:\/\/linitiative.ca\/International\/wp-json\/wp\/v2\/tags?post=32195"}],"curies":[{"name":"wp","href":"https:\/\/api.w.org\/{rel}","templated":true}]}}