{"id":32196,"date":"2019-05-04T18:06:49","date_gmt":"2019-05-04T22:06:49","guid":{"rendered":"https:\/\/linitiative.ca\/International\/tunisie-urgent-sidi-ali-ben-aoun-un-terroriste-elimine-dans-un-affrontement-entre-les-forces-de-lordre-et-des-elements-armes\/"},"modified":"2019-05-04T18:06:49","modified_gmt":"2019-05-04T22:06:49","slug":"tunisie-urgent-sidi-ali-ben-aoun-un-terroriste-elimine-dans-un-affrontement-entre-les-forces-de-lordre-et-des-elements-armes","status":"publish","type":"post","link":"https:\/\/linitiative.ca\/International\/tunisie-urgent-sidi-ali-ben-aoun-un-terroriste-elimine-dans-un-affrontement-entre-les-forces-de-lordre-et-des-elements-armes\/","title":{"rendered":"Tunisie \u2013 URGENT\u00a0: Sidi Ali Ben Aoun\u00a0: Un terroriste \u00e9limin\u00e9 dans un affrontement entre les forces de l\u2019ordre et des \u00e9l\u00e9ments arm\u00e9s"},"content":{"rendered":"<div class=\"post-cont-in left relative\">\n<p>Des sources s\u00e9curitaires ont fait \u00e9tat d\u2019un accrochage entre les forces de l\u2019ordre et des \u00e9l\u00e9ments terroristes dans la localit\u00e9 de Sidi Ali Ben Aoun, \u00e0 Sidi Bouzid.<\/p>\n<p>L\u2019accrochage s\u2019est traduit par un \u00e9change nourri de coups de feu.<\/p>\n<div class=\"code-block code-block-1 c3\"><ins class=\"adsbygoogle c2\" data-ad-layout=\"in-article\" data-ad-format=\"fluid\" data-ad-client=\"ca-pub-2102118777505746\" data-ad-slot=\"7301775417\"\/> <\/div>\n<p>Les m\u00eames sources rapportent qu\u2019un des \u00e9l\u00e9ments terroristes a \u00e9t\u00e9 tu\u00e9 dans l\u2019accrochage, alors que les autres \u00e9l\u00e9ments sont traqu\u00e9s.<\/p>\n<div class=\"mvp-org-wrap mvp-org-logo\" itemprop=\"publisher\" itemscope=\"\" itemtype=\"https:\/\/schema.org\/Organization\"><img decoding=\"async\" src=\"https:\/\/www.tunisienumerique.com\/wp-content\/uploads\/2017\/02\/logo_tunisie_numerique.png\"\/><\/div>\n<div class=\"mvp-related-posts left relative\">\n<h4 class=\"post-header\"><span class=\"post-header\">Lire aussi<\/span><\/h4>\n<\/div>\n<\/div>\n<p>Auteur: LM<br \/>\n<a href=\"https:\/\/www.tunisienumerique.com\/tunisie-urgent-sidi-ali-ben-aoun-un-terroriste-elimine-dans-un-affrontement-entre-les-forces-de-lordre-et-des-elements-armes\/\">Cliquez ici pour lire l&rsquo;article depuis sa source.<\/a><\/p>\n","protected":false},"excerpt":{"rendered":"<p>Des sources s\u00e9curitaires ont fait \u00e9tat d\u2019un accrochage entre les forces de l\u2019ordre et des \u00e9l\u00e9ments terroristes dans la localit\u00e9 de Sidi Ali Ben Aoun, \u00e0 Sidi Bouzid. L\u2019accrochage s\u2019est traduit par un \u00e9change nourri de coups de feu. Les m\u00eames sources rapportent qu\u2019un des \u00e9l\u00e9ments terroristes a \u00e9t\u00e9 tu\u00e9 dans l\u2019accrochage, alors que les [&hellip;]<\/p>\n","protected":false},"author":1789,"featured_media":32199,"comment_status":"closed","ping_status":"closed","sticky":false,"template":"","format":"standard","meta":{"fifu_image_url":"","fifu_image_alt":"","footnotes":""},"categories":[73,55],"tags":[],"class_list":["post-32196","post","type-post","status-publish","format-standard","has-post-thumbnail","hentry","category-actualite","category-tunisie"],"_links":{"self":[{"href":"https:\/\/linitiative.ca\/International\/wp-json\/wp\/v2\/posts\/32196","targetHints":{"allow":["GET"]}}],"collection":[{"href":"https:\/\/linitiative.ca\/International\/wp-json\/wp\/v2\/posts"}],"about":[{"href":"https:\/\/linitiative.ca\/International\/wp-json\/wp\/v2\/types\/post"}],"author":[{"embeddable":true,"href":"https:\/\/linitiative.ca\/International\/wp-json\/wp\/v2\/users\/1789"}],"replies":[{"embeddable":true,"href":"https:\/\/linitiative.ca\/International\/wp-json\/wp\/v2\/comments?post=32196"}],"version-history":[{"count":0,"href":"https:\/\/linitiative.ca\/International\/wp-json\/wp\/v2\/posts\/32196\/revisions"}],"wp:featuredmedia":[{"embeddable":true,"href":"https:\/\/linitiative.ca\/International\/wp-json\/"}],"wp:attachment":[{"href":"https:\/\/linitiative.ca\/International\/wp-json\/wp\/v2\/media?parent=32196"}],"wp:term":[{"taxonomy":"category","embeddable":true,"href":"https:\/\/linitiative.ca\/International\/wp-json\/wp\/v2\/categories?post=32196"},{"taxonomy":"post_tag","embeddable":true,"href":"https:\/\/linitiative.ca\/International\/wp-json\/wp\/v2\/tags?post=32196"}],"curies":[{"name":"wp","href":"https:\/\/api.w.org\/{rel}","templated":true}]}}