{"id":32201,"date":"2019-05-04T18:18:09","date_gmt":"2019-05-04T22:18:09","guid":{"rendered":"https:\/\/linitiative.ca\/International\/burkina-trois-morts-et-46-blesses-dans-un-accident-de-la-circulation\/"},"modified":"2019-05-04T18:18:09","modified_gmt":"2019-05-04T22:18:09","slug":"burkina-trois-morts-et-46-blesses-dans-un-accident-de-la-circulation","status":"publish","type":"post","link":"https:\/\/linitiative.ca\/International\/burkina-trois-morts-et-46-blesses-dans-un-accident-de-la-circulation\/","title":{"rendered":"Burkina: Trois morts et 46 bless\u00e9s dans un accident de la circulation"},"content":{"rendered":"<div readability=\"32\">\n<p>Publi\u00e9 le 04.05.2019 \u00e0 23h18 par APA News<\/p>\n<\/div>\n<div readability=\"56\">\n<p>Le d\u00e9rapage d\u2019un car de transport en commun a fait trois morts et 46 bless\u00e9s, ce samedi au petit matin, vers Boromo, sur l\u2019axe Ouaga-Bobo, a appris APA de sources concordantes proches de la localit\u00e9, situ\u00e9e \u00e0 environ 180 km \u00e0 l\u2019ouest de Ouagadougou.Selon cette source, l\u2019accident a eu lieu aux environs de 2 heures du matin, ce samedi entre Ouahabou et Boromo, lorsque le car d\u2019une compagnie de la place ayant quitt\u00e9 Ouagadougou pour rallier Bobo-Dioulasso, a rat\u00e9 sa route pour se retrouver dans le d\u00e9cor.<\/p>\n<p>La m\u00eame source qui dit d\u00e9tenir l\u2019information des sapeurs-pompiers, pr\u00e9cise que parmi les bless\u00e9s \u00e9vacu\u00e9s d\u2019urgence au Centre m\u00e9dical avec antenne chirurgicale (CMA) de Boromo, 15 sont dans un \u00e9tat grave.<\/p>\n<p><ins data-revive-zoneid=\"9\" data-revive-id=\"10111e19d28d19d031742ee3b0b33eb0\"\/> <\/p>\n<p>Il ressort que le drame s\u2019est d\u00e9roul\u00e9 non loin du lieu o\u00f9 s\u2019est produit, il y a une dizaine d\u2019ann\u00e9es, l\u2019un des accidents les plus dramatiques (soixantaine de morts) de l\u2019histoire du Burkina Faso.\u00a0<\/p>\n<\/div>\n<p>Auteur: APA News<br \/>\n<a href=\"https:\/\/www.journalducameroun.com\/fr\/burkina-trois-morts-et-46-blesses-dans-un-accident-de-la-circulation\/\">Cliquez ici pour lire l&rsquo;article depuis sa source.<\/a><\/p>\n","protected":false},"excerpt":{"rendered":"<p>Publi\u00e9 le 04.05.2019 \u00e0 23h18 par APA News Le d\u00e9rapage d\u2019un car de transport en commun a fait trois morts et 46 bless\u00e9s, ce samedi au petit matin, vers Boromo, sur l\u2019axe Ouaga-Bobo, a appris APA de sources concordantes proches de la localit\u00e9, situ\u00e9e \u00e0 environ 180 km \u00e0 l\u2019ouest de Ouagadougou.Selon cette source, l\u2019accident [&hellip;]<\/p>\n","protected":false},"author":1965,"featured_media":0,"comment_status":"closed","ping_status":"closed","sticky":false,"template":"","format":"standard","meta":{"fifu_image_url":"","fifu_image_alt":"","footnotes":""},"categories":[73,82],"tags":[],"class_list":["post-32201","post","type-post","status-publish","format-standard","hentry","category-actualite","category-cameroun"],"_links":{"self":[{"href":"https:\/\/linitiative.ca\/International\/wp-json\/wp\/v2\/posts\/32201","targetHints":{"allow":["GET"]}}],"collection":[{"href":"https:\/\/linitiative.ca\/International\/wp-json\/wp\/v2\/posts"}],"about":[{"href":"https:\/\/linitiative.ca\/International\/wp-json\/wp\/v2\/types\/post"}],"author":[{"embeddable":true,"href":"https:\/\/linitiative.ca\/International\/wp-json\/wp\/v2\/users\/1965"}],"replies":[{"embeddable":true,"href":"https:\/\/linitiative.ca\/International\/wp-json\/wp\/v2\/comments?post=32201"}],"version-history":[{"count":0,"href":"https:\/\/linitiative.ca\/International\/wp-json\/wp\/v2\/posts\/32201\/revisions"}],"wp:attachment":[{"href":"https:\/\/linitiative.ca\/International\/wp-json\/wp\/v2\/media?parent=32201"}],"wp:term":[{"taxonomy":"category","embeddable":true,"href":"https:\/\/linitiative.ca\/International\/wp-json\/wp\/v2\/categories?post=32201"},{"taxonomy":"post_tag","embeddable":true,"href":"https:\/\/linitiative.ca\/International\/wp-json\/wp\/v2\/tags?post=32201"}],"curies":[{"name":"wp","href":"https:\/\/api.w.org\/{rel}","templated":true}]}}