{"id":32202,"date":"2019-05-04T18:21:22","date_gmt":"2019-05-04T22:21:22","guid":{"rendered":"https:\/\/linitiative.ca\/International\/tunisie-le-ministre-qui-reve-de-transformer-lavenue-bourguiba-en-poubelle\/"},"modified":"2019-05-04T18:21:22","modified_gmt":"2019-05-04T22:21:22","slug":"tunisie-le-ministre-qui-reve-de-transformer-lavenue-bourguiba-en-poubelle","status":"publish","type":"post","link":"https:\/\/linitiative.ca\/International\/tunisie-le-ministre-qui-reve-de-transformer-lavenue-bourguiba-en-poubelle\/","title":{"rendered":"Tunisie \u2013 Le ministre qui r\u00eave de transformer l\u2019Avenue Bourguiba en poubelle"},"content":{"rendered":"<div class=\"post-cont-in left relative\">\n<p>L\u2019Avenue Habib Bourguiba, que la nouvelle classe pseudo-politique le veuille ou non, restera l\u2019un des embl\u00e8mes du pays, et la plus belle avenue de la Capitale, celle o\u00f9 les amoureux se donnent rendez-vous, celle o\u00f9 les amateurs d\u2019art fl\u00e2nent avant d\u2019entrer au spectacle, celle o\u00f9 les \u00e9tudiants de toutes les orientations se croisent, celle o\u00f9 les familles enti\u00e8res se prom\u00e8nent entre deux s\u00e9ances de shopping, celle o\u00f9 les intellectuels du pays se retrouvent autour d\u2019une table \u00e0 une des terrasses de caf\u00e9s qui longent l\u2019art\u00e8re\u2026<\/p>\n<p>Par la suite, cette avenue est devenue l\u2019embl\u00e8me de ce qu\u2019il a \u00e9t\u00e9 convenu d\u2019appeler \u00ab\u00a0la r\u00e9volution\u00a0\u00bb, celle o\u00f9 les tunisiens se sont r\u00e9unis un certain 14 janvier en criant \u00ab\u00a0d\u00e9gage\u00a0\u00bb, celle qui est squatt\u00e9e presque chaque jour, \u00e0 la hauteur du th\u00e9\u00e2tre municipal pour protester et manifester\u2026<\/p>\n<div class=\"code-block code-block-1 c3\"><ins class=\"adsbygoogle c2\" data-ad-layout=\"in-article\" data-ad-format=\"fluid\" data-ad-client=\"ca-pub-2102118777505746\" data-ad-slot=\"7301775417\"\/> <\/div>\n<p>Or, il se trouve qu\u2019un ministre, en panne d\u2019imagination, et \u00e0 la recherche continue de populisme, a eu l\u2019id\u00e9e d\u2019en faire une poubelle. Une poubelle jonch\u00e9e de d\u00e9tritus de tous genres, et puant le poisson pas trop frais\u2026 Une poubelle dont les relents et le spectacle fera faire demi-tour aux premiers touristes qui oseraient s\u2019y diriger pour une petite immersion dans la ville et ses souks.<\/p>\n<p>Ce ministre, c\u2019est l\u2019incontournable ministre de l\u2019agriculture, Samir Betta\u00efeb, celui qui pr\u00e9sente des certificats m\u00e9dicaux de complaisance, pour zapper ses examens. Samir Betta\u00efeb a eu, en effet, l\u2019id\u00e9e saugrenue d\u2019installer un march\u00e9 en plein centre de l\u2019avenue Bourguiba, \u00e0 l\u2019occasion du mois de Ramadan, pour, dit-il, cr\u00e9er un point de vente du producteur au consommateur\u2026 Comme \u00e7\u00e0\u00a0! En plein avenue Bourguiba, \u00e0 quelques m\u00e8tres du march\u00e9 central, et loin, tr\u00e8s loin, des quartiers dans les quels, les citoyens vont faire leurs courses durant le mois de Ramadan. Une sorte de march\u00e9 parall\u00e8le \u00ab\u00a0Halal\u00a0\u00bb et un \u00e9talage anarchique \u00ab\u00a0l\u00e9gal\u00a0\u00bb.<\/p>\n<p>On n\u2019ose, m\u00eame pas, penser \u00e0 l\u2019\u00e9tat o\u00f9 sera l\u2019avenue Bourguiba, pendant le mois saint. On n\u2019ose pas imaginer les tunisiens se promener entre les d\u00e9tritus des fruits et l\u00e9gumes, durant les soir\u00e9es ramadanesques. On n\u2019ose pas supposer que des tunisiens soient enthousiasm\u00e9s pour aller aux soir\u00e9es du festival de la M\u00e9dina, dont la plupart des spectacles sont organis\u00e9s au th\u00e9\u00e2tre municipal, a-t-on, au moins, pens\u00e9 \u00e0 installer des toilettes au profit des commer\u00e7ants et clients de ce march\u00e9, du moment que les caf\u00e9s seront ferm\u00e9s durant la journ\u00e9e\u00a0? Et surtout, qu\u2019on n\u2019essaie pas de nous convaincre que les super-h\u00e9ros du service de voirie vont r\u00e9ussir le miracle de nettoyer l\u2019avenue, tous les jours, entre la rupture du je\u00fbne et le d\u00e9but de la soir\u00e9e. Eux qui ne font qu\u2019\u00e0 moiti\u00e9 leur travail en dehors de Ramadan, on ne pourrait imaginer ce que \u00e7\u00e0 sera en p\u00e9riode de je\u00fbne.<\/p>\n<p>Et tout \u00e7\u00e0, pourquoi\u00a0? Juste pour dire qu\u2019on a des super-ministres qui pensent au bien du citoyen et qui cherchent \u00e0 en rapprocher les services\u00a0! Sachant que les citoyens qui ont, r\u00e9ellement, besoin, de tels points de vente, c\u2019est-\u00e0-dire, les moins nantis, ne font pas leurs courses \u00e0 l\u2019avenue Bourguiba\u00a0! Et il aurait mieux fait de trouver d\u2019autres emplacements plus proches des citoyens, et qui pr\u00e9servent la propret\u00e9 et la beaut\u00e9 de la capitale.<\/p>\n<p>Populisme quand tu nous tiens\u00a0!<\/p>\n<p>Pour quand la fin de ce cauchemar\u00a0?<\/p>\n<div class=\"mvp-org-wrap mvp-org-logo\" itemprop=\"publisher\" itemscope=\"\" itemtype=\"https:\/\/schema.org\/Organization\"><img decoding=\"async\" src=\"https:\/\/www.tunisienumerique.com\/wp-content\/uploads\/2017\/02\/logo_tunisie_numerique.png\"\/><\/div>\n<div class=\"mvp-related-posts left relative\">\n<h4 class=\"post-header\"><span class=\"post-header\">Lire aussi<\/span><\/h4>\n<\/div>\n<\/div>\n<p>Auteur: Ramsis<br \/>\n<a href=\"https:\/\/www.tunisienumerique.com\/tunisie-le-ministre-qui-reve-de-transformer-lavenue-bourguiba-en-poubelle\/\">Cliquez ici pour lire l&rsquo;article depuis sa source.<\/a><\/p>\n","protected":false},"excerpt":{"rendered":"<p>L\u2019Avenue Habib Bourguiba, que la nouvelle classe pseudo-politique le veuille ou non, restera l\u2019un des embl\u00e8mes du pays, et la plus belle avenue de la Capitale, celle o\u00f9 les amoureux se donnent rendez-vous, celle o\u00f9 les amateurs d\u2019art fl\u00e2nent avant d\u2019entrer au spectacle, celle o\u00f9 les \u00e9tudiants de toutes les orientations se croisent, celle o\u00f9 [&hellip;]<\/p>\n","protected":false},"author":1789,"featured_media":32204,"comment_status":"closed","ping_status":"closed","sticky":false,"template":"","format":"standard","meta":{"fifu_image_url":"","fifu_image_alt":"","footnotes":""},"categories":[73,55],"tags":[],"class_list":["post-32202","post","type-post","status-publish","format-standard","has-post-thumbnail","hentry","category-actualite","category-tunisie"],"_links":{"self":[{"href":"https:\/\/linitiative.ca\/International\/wp-json\/wp\/v2\/posts\/32202","targetHints":{"allow":["GET"]}}],"collection":[{"href":"https:\/\/linitiative.ca\/International\/wp-json\/wp\/v2\/posts"}],"about":[{"href":"https:\/\/linitiative.ca\/International\/wp-json\/wp\/v2\/types\/post"}],"author":[{"embeddable":true,"href":"https:\/\/linitiative.ca\/International\/wp-json\/wp\/v2\/users\/1789"}],"replies":[{"embeddable":true,"href":"https:\/\/linitiative.ca\/International\/wp-json\/wp\/v2\/comments?post=32202"}],"version-history":[{"count":0,"href":"https:\/\/linitiative.ca\/International\/wp-json\/wp\/v2\/posts\/32202\/revisions"}],"wp:featuredmedia":[{"embeddable":true,"href":"https:\/\/linitiative.ca\/International\/wp-json\/"}],"wp:attachment":[{"href":"https:\/\/linitiative.ca\/International\/wp-json\/wp\/v2\/media?parent=32202"}],"wp:term":[{"taxonomy":"category","embeddable":true,"href":"https:\/\/linitiative.ca\/International\/wp-json\/wp\/v2\/categories?post=32202"},{"taxonomy":"post_tag","embeddable":true,"href":"https:\/\/linitiative.ca\/International\/wp-json\/wp\/v2\/tags?post=32202"}],"curies":[{"name":"wp","href":"https:\/\/api.w.org\/{rel}","templated":true}]}}