{"id":32206,"date":"2019-05-04T18:50:01","date_gmt":"2019-05-04T22:50:01","guid":{"rendered":"https:\/\/linitiative.ca\/International\/on-a-besoin-de-vous-lappel-des-pro-guaido-aux-casernes-de-caracas\/"},"modified":"2019-05-04T18:50:01","modified_gmt":"2019-05-04T22:50:01","slug":"on-a-besoin-de-vous-lappel-des-pro-guaido-aux-casernes-de-caracas","status":"publish","type":"post","link":"https:\/\/linitiative.ca\/International\/on-a-besoin-de-vous-lappel-des-pro-guaido-aux-casernes-de-caracas\/","title":{"rendered":"\u00ab\u00a0On a besoin de vous!\u00a0\u00bb: l\u2019appel des pro-Guaido aux casernes de Caracas"},"content":{"rendered":"<div readability=\"32\">\n<p>Publi\u00e9 le 04.05.2019 \u00e0 23h50 par AFP<\/p>\n<\/div>\n<div readability=\"139\">\n<p>Fransenia Toro a mis ses espoirs dans ce papier: un tract dans lequel Juan Guaido appelle les troupes v\u00e9n\u00e9zu\u00e9liennes \u00e0 le rejoindre. Elle pensait le distribuer samedi aux soldats d\u2019une caserne de Caracas, mais ses espoirs se sont envol\u00e9s quand un militaire l\u2019a br\u00fbl\u00e9. \u00ab\u00a0J\u2019ai ressenti de la rage\u00a0\u00bb, dit-elle.<\/p>\n<p>A l\u2019origine de ce tractage, Juan Guaido, l\u2019opposant au pr\u00e9sident Nicolas Maduro, qui tente une nouvelle fois de s\u2019allier l\u2019arm\u00e9e, quatre jours apr\u00e8s un appel au soul\u00e8vement militaire qui s\u2019est rapidement d\u00e9gonfl\u00e9.<\/p>\n<p>A Caracas, cette nouvelle tentative en direction des troupes semble ne pas avoir eu un grand succ\u00e8s. Ils \u00e9taient peu nombreux \u00e0 avoir r\u00e9pondu \u00e0 son appel de se rendre \u00ab\u00a0en paix\u00a0\u00bb devant les bases et casernes pour distribuer le tract, selon des journalistes de l\u2019AFP.<\/p>\n<p>A quelques centaines de m\u00e8tres du quartier g\u00e9n\u00e9ral de la Garde nationale bolivarienne, prot\u00e9g\u00e9 par policiers et gardes, Fransenia Toro, 19 ans, dit avoir \u00ab\u00a0ressenti de la rage\u00a0\u00bb lorsqu\u2019un soldat s\u2019est empar\u00e9 du tract pour le br\u00fbler.<\/p>\n<p>\u00ab\u00a0Sous aucun pr\u00e9texte, les Forces arm\u00e9es ou quelque corps des forces de s\u00e9curit\u00e9 que ce soit ne fera l\u2019objet de chantage, ne pourra \u00eatre achet\u00e9, ni ne trahira la patrie\u00a0\u00bb, lance, en guise d\u2019avertissement, un sup\u00e9rieur du soldat charg\u00e9 de mettre le feu au papier.<\/p>\n<p>Face \u00e0 quatre casernes et bases de Caracas, les opposants, brandissant des drapeaux et des pancartes, tentent de s\u2019approcher au plus pr\u00e8s pour distribuer le texte, mais ils en sont emp\u00each\u00e9s par les troupes post\u00e9es devant.<\/p>\n<p>\u00ab\u00a0Nous demandons \u00e0 nos soldats qu\u2019ils nous rejoignent, parce qu\u2019on a vraiment besoin d\u2019eux\u00a0\u00bb, explique Maribel Galeno, 54 ans.<\/p>\n<p>Jos\u00e9 Aparicio, un avocat de 67 ans, assure avoir \u00e9t\u00e9 \u00e0 plusieurs des nombreuses manifestations organis\u00e9es par Juan Guaido pour tenter de pousser Nicolas Maduro vers la sortie. \u00ab\u00a0Moi, je vais continuer \u00e0 protester dans la rue jusqu\u2019\u00e0 la fin parce que je ne quitterai ce pays sous aucun pr\u00e9texte\u00a0\u00bb, dit-il.<\/p>\n<p>\u2013 \u00ab\u00a0La situation est catastrophique\u00a0\u00bb \u2013<\/p>\n<p><ins data-revive-zoneid=\"9\" data-revive-id=\"10111e19d28d19d031742ee3b0b33eb0\"\/> <\/p>\n<p>L\u2019offensive de Juan Guaido en direction des militaires illustre tout leur poids au Venezuela: ils contr\u00f4lent le secteur p\u00e9trolier et plusieurs minist\u00e8res sont dirig\u00e9s par des hauts grad\u00e9s. Mais, pour l\u2019heure, l\u2019\u00e9tat-major est toujours fid\u00e8le au chef de l\u2019Etat.<\/p>\n<p>Depuis l&rsquo;\u00a0\u00bbescarmouche putschiste\u00a0\u00bb de mardi matin, Nicolas Maduro s\u2019est rendu dans deux casernes pour s\u2019assurer de sa loyaut\u00e9 et il a promis de punir les \u00ab\u00a0tra\u00eetres\u00a0\u00bb responsables, selon lui, de la tentative de soul\u00e8vement militaire.<\/p>\n<p>Samedi, tout en appelant \u00e0 la \u00ab\u00a0discipline\u00a0\u00bb et \u00e0 l&rsquo;\u00a0\u00bbob\u00e9issance\u00a0\u00bb, il a ordonn\u00e9 \u00e0 l\u2019arm\u00e9e de se tenir \u00ab\u00a0pr\u00eate\u00a0\u00bb face \u00e0 l\u2019\u00e9ventualit\u00e9 d\u2019une attaque am\u00e9ricaine pour le renverser.<\/p>\n<p>Oscar Arnal, professeur de droit et opposant \u00e0 Nicolas Maduro, a lui aussi r\u00e9pondu pr\u00e9sent \u00e0 la distribution de tracts aux membres de la Garde nationale bolivarienne \u00e0 Caracas, car \u00ab\u00a0les Forces arm\u00e9es sont les seules \u00e0 pouvoir remettre de l\u2019ordre\u00a0\u00bb au Venezuela, atteint par une crise politique doubl\u00e9e d\u2019une redoutable crise \u00e9conomique.<\/p>\n<p>Les militaires aussi \u00ab\u00a0connaissent des difficult\u00e9s parce que leurs soldes ne leur permettent pas de vivre. Ils sont comme le reste de la population. La situation est catastrophique\u00a0\u00bb, estime-t-il.<\/p>\n<p>L\u2019hyperinflation devrait atteindre 10.000.000% cette ann\u00e9e, selon le Fonds mon\u00e9taire international (FMI), les coupures de courant se multiplient, tout comme les p\u00e9nuries de m\u00e9dicaments.<\/p>\n<p>Pour Nicolas Maduro, la situation est due aux sanctions am\u00e9ricaines contre le Venezuela. A l\u2019inverse, Juan Guaido et ses partisans expliquent la crise par l&rsquo;\u00a0\u00bbincurie\u00a0\u00bb et la \u00ab\u00a0corruption\u00a0\u00bb du pouvoir chaviste.<\/p>\n<\/div>\n<p>Auteur: AFP<br \/>\n<a href=\"https:\/\/www.journalducameroun.com\/fr\/on-a-besoin-de-vous-lappel-des-pro-guaido-aux-casernes-de-caracas\/\">Cliquez ici pour lire l&rsquo;article depuis sa source.<\/a><\/p>\n","protected":false},"excerpt":{"rendered":"<p>Publi\u00e9 le 04.05.2019 \u00e0 23h50 par AFP Fransenia Toro a mis ses espoirs dans ce papier: un tract dans lequel Juan Guaido appelle les troupes v\u00e9n\u00e9zu\u00e9liennes \u00e0 le rejoindre. Elle pensait le distribuer samedi aux soldats d\u2019une caserne de Caracas, mais ses espoirs se sont envol\u00e9s quand un militaire l\u2019a br\u00fbl\u00e9. \u00ab\u00a0J\u2019ai ressenti de la [&hellip;]<\/p>\n","protected":false},"author":1965,"featured_media":0,"comment_status":"closed","ping_status":"closed","sticky":false,"template":"","format":"standard","meta":{"fifu_image_url":"","fifu_image_alt":"","footnotes":""},"categories":[73,82],"tags":[],"class_list":["post-32206","post","type-post","status-publish","format-standard","hentry","category-actualite","category-cameroun"],"_links":{"self":[{"href":"https:\/\/linitiative.ca\/International\/wp-json\/wp\/v2\/posts\/32206","targetHints":{"allow":["GET"]}}],"collection":[{"href":"https:\/\/linitiative.ca\/International\/wp-json\/wp\/v2\/posts"}],"about":[{"href":"https:\/\/linitiative.ca\/International\/wp-json\/wp\/v2\/types\/post"}],"author":[{"embeddable":true,"href":"https:\/\/linitiative.ca\/International\/wp-json\/wp\/v2\/users\/1965"}],"replies":[{"embeddable":true,"href":"https:\/\/linitiative.ca\/International\/wp-json\/wp\/v2\/comments?post=32206"}],"version-history":[{"count":0,"href":"https:\/\/linitiative.ca\/International\/wp-json\/wp\/v2\/posts\/32206\/revisions"}],"wp:attachment":[{"href":"https:\/\/linitiative.ca\/International\/wp-json\/wp\/v2\/media?parent=32206"}],"wp:term":[{"taxonomy":"category","embeddable":true,"href":"https:\/\/linitiative.ca\/International\/wp-json\/wp\/v2\/categories?post=32206"},{"taxonomy":"post_tag","embeddable":true,"href":"https:\/\/linitiative.ca\/International\/wp-json\/wp\/v2\/tags?post=32206"}],"curies":[{"name":"wp","href":"https:\/\/api.w.org\/{rel}","templated":true}]}}