{"id":32207,"date":"2019-05-04T23:17:34","date_gmt":"2019-05-05T03:17:34","guid":{"rendered":"https:\/\/linitiative.ca\/International\/oujda-lactivite-commerciale-pendant-le-ramadan-au-centre-dune-reunion-a-la-wilaya\/"},"modified":"2019-05-04T23:17:34","modified_gmt":"2019-05-05T03:17:34","slug":"oujda-lactivite-commerciale-pendant-le-ramadan-au-centre-dune-reunion-a-la-wilaya","status":"publish","type":"post","link":"https:\/\/linitiative.ca\/International\/oujda-lactivite-commerciale-pendant-le-ramadan-au-centre-dune-reunion-a-la-wilaya\/","title":{"rendered":"Oujda: L\u2019activit\u00e9 commerciale pendant le Ramadan au centre d\u2019une r\u00e9union \u00e0 la Wilaya"},"content":{"rendered":"<div readability=\"39\">\n<p>Le si\u00e8ge de la Wilaya de l\u2019Oriental a abrit\u00e9, jeudi, une r\u00e9union consacr\u00e9e \u00e0 l\u2019activit\u00e9 commerciale pendant le mois sacr\u00e9 de Ramadan et ce, en termes d\u2019organisation, de contr\u00f4le, d\u2019approvisionnement et des conditions de stockage.<\/p>\n<\/div>\n<div readability=\"112\">\n<p>S\u2019inscrivant dans la droite ligne des Hautes orientations royales et des pr\u00e9paratifs pour le mois de Ramadan, cette rencontre a r\u00e9uni les agents d\u2019autorit\u00e9 locale, les responsables des services de l\u2019ordre, les repr\u00e9sentants des services d\u00e9concentr\u00e9s et des services de la commune d\u2019Oujda\u00a0en charge des op\u00e9rations d\u2019approvisionnement et de contr\u00f4le, en plus de repr\u00e9sentants des associations des commer\u00e7ants de la ville.<\/p>\n<p>Un communique de la Wilaya pr\u00e9cise que la r\u00e9union a \u00e9t\u00e9 d\u00e9di\u00e9e \u00e0 l\u2019examen des mesures \u00e0 prendre afin de permettre aux commer\u00e7ants d\u2019exercer leurs activit\u00e9s commerciales dans de bonnes conditions aux niveaux des diff\u00e9rents points de vente, des march\u00e9s et des centres commerciaux.<\/p>\n<p>L\u2019accent a \u00e9t\u00e9 ainsi mis sur l\u2019int\u00e9r\u00eat requis accord\u00e9 aux probl\u00e8mes, remarques et suggestions formul\u00e9s \u00e0 cette occasion par les associations des commer\u00e7ants, rel\u00e8ve la m\u00eame source, affirmant que toutes les dispositions s\u00e9curitaires et organisationnelles n\u00e9cessaires seront mises en \u0153uvre afin de leur permettre de mener dans des conditions ad\u00e9quates leurs activit\u00e9s commerciales qui connaissent une dynamique exceptionnelle pendant le mois b\u00e9ni de Ramadan.<\/p>\n<p>De m\u00eame, des mesures appropri\u00e9es seront prises afin d\u2019assurer le suivi de la situation d\u2019approvisionnement du march\u00e9 et la lutte contre les pratiques ill\u00e9gales inh\u00e9rentes aux prix et \u00e0 la qualit\u00e9 des produits et marchandises, ainsi qu\u2019aux conditions de stockage, de conservation, d\u2019\u00e9talage et de vente.<\/p>\n<p>Par ailleurs, les services de l\u2019ordre et les administrations d\u00e9concentr\u00e9es et communales concern\u00e9es seront mobilis\u00e9s et prendront toutes les mesures qui s\u2019imposent pour assurer les conditions de s\u00e9curit\u00e9, de propret\u00e9, de circulation, de d\u00e9placement et d\u2019acc\u00e8s aux espaces publics, plus particuli\u00e8rement lors des p\u00e9riodes de pointe et dans les espaces qui enregistrent une grande affluence des citoyens, ajoute encore le communiqu\u00e9, affirmant que ces mesures sont d\u00e9j\u00e0 en cours d\u2019op\u00e9rationnalisation.<\/p>\n<p>S\u2019agissant de l\u2019approvisionnement et des prix des produits alimentaires, les autorit\u00e9s de la wilaya tiennent \u00e0 rassurer qu\u2019\u00e0 l\u2019\u00e9chelon de la pr\u00e9fecture d\u2019Oujda-Angad, les donn\u00e9es recueillies et actualis\u00e9es par les administrations concern\u00e9es montrent que la situation ne diff\u00e8re pas \u00e0 celle qui pr\u00e9vaut \u00e0 l\u2019\u00e9chelle nationale au niveau de l\u2019offre et des prix de produits et marchandises, souligne-t-on, expliquant dans ce sens que les march\u00e9s et les points de vente et les centres commerciaux connaissent une offre abondante qui r\u00e9pond aux besoins locaux, surtout en produits \u00e0 forte consommation, aussi bien avant que pendant le mois b\u00e9ni de Ramadan.<\/p>\n<p>En d\u00e9pit de ces indicateurs positifs, rel\u00e8ve toutefois le communiqu\u00e9, les efforts des autorit\u00e9s locales, des administrations et des services et commissions de contr\u00f4le vont se poursuivre en vue d\u2019assurer le suivi permanent de la situation du march\u00e9 et des circuits de distribution, la pr\u00e9servation du pouvoir d\u2019achat du citoyen et la r\u00e9pression des fraudes.<\/p>\n<p>La r\u00e9union a constitu\u00e9 aussi une opportunit\u00e9 pour rappeler les mesures engag\u00e9es par le minist\u00e8re de l\u2019Int\u00e9rieur \u00e0 l\u2019occasion du mois sacr\u00e9 de Ramadan, notamment la remise en service du num\u00e9ro de t\u00e9l\u00e9phone national (5757) d\u00e9di\u00e9 \u00e0 la r\u00e9ception des r\u00e9clamations et observations des consommateurs.<\/p>\n<p>Via ce num\u00e9ro abr\u00e9g\u00e9 et unifi\u00e9 au niveau national, les citoyens peuvent, en utilisant aussi bien les t\u00e9l\u00e9phones fixes que mobiles, contacter la cellule charg\u00e9e de la r\u00e9ception et du suivi des r\u00e9clamations des consommateurs se trouvant dans la pr\u00e9fecture ou la province \u00e0 partir de laquelle l\u2019appel est \u00e9mis, dans le but de pr\u00e9senter leurs r\u00e9clamations et observations relatives \u00e0 l\u2019approvisionnement des march\u00e9s, aux prix, \u00e0 la qualit\u00e9 des produits alimentaires et aux conditions de leur pr\u00e9paration, de stockage et de vente, ainsi qu\u2019en ce qui concerne les autres domaines li\u00e9s \u00e0 l\u2019organisation des march\u00e9s et \u00e0 la protection du consommateur.<\/p>\n<\/div>\n<p>Auteur: Soufiane ELAHMAR<br \/>\n<a href=\"http:\/\/www.mapoujda.ma\/fr\/oujda-lactivite-commerciale-pendant-le-ramadan-au-centre-dune-reunion-a-la-wilaya\/\">Cliquez ici pour lire l&rsquo;article depuis sa source.<\/a><\/p>\n","protected":false},"excerpt":{"rendered":"<p>Le si\u00e8ge de la Wilaya de l\u2019Oriental a abrit\u00e9, jeudi, une r\u00e9union consacr\u00e9e \u00e0 l\u2019activit\u00e9 commerciale pendant le mois sacr\u00e9 de Ramadan et ce, en termes d\u2019organisation, de contr\u00f4le, d\u2019approvisionnement et des conditions de stockage. S\u2019inscrivant dans la droite ligne des Hautes orientations royales et des pr\u00e9paratifs pour le mois de Ramadan, cette rencontre a [&hellip;]<\/p>\n","protected":false},"author":1788,"featured_media":0,"comment_status":"closed","ping_status":"closed","sticky":false,"template":"","format":"standard","meta":{"fifu_image_url":"","fifu_image_alt":"","footnotes":""},"categories":[54,76],"tags":[],"class_list":["post-32207","post","type-post","status-publish","format-standard","hentry","category-maroc","category-regions"],"_links":{"self":[{"href":"https:\/\/linitiative.ca\/International\/wp-json\/wp\/v2\/posts\/32207","targetHints":{"allow":["GET"]}}],"collection":[{"href":"https:\/\/linitiative.ca\/International\/wp-json\/wp\/v2\/posts"}],"about":[{"href":"https:\/\/linitiative.ca\/International\/wp-json\/wp\/v2\/types\/post"}],"author":[{"embeddable":true,"href":"https:\/\/linitiative.ca\/International\/wp-json\/wp\/v2\/users\/1788"}],"replies":[{"embeddable":true,"href":"https:\/\/linitiative.ca\/International\/wp-json\/wp\/v2\/comments?post=32207"}],"version-history":[{"count":0,"href":"https:\/\/linitiative.ca\/International\/wp-json\/wp\/v2\/posts\/32207\/revisions"}],"wp:attachment":[{"href":"https:\/\/linitiative.ca\/International\/wp-json\/wp\/v2\/media?parent=32207"}],"wp:term":[{"taxonomy":"category","embeddable":true,"href":"https:\/\/linitiative.ca\/International\/wp-json\/wp\/v2\/categories?post=32207"},{"taxonomy":"post_tag","embeddable":true,"href":"https:\/\/linitiative.ca\/International\/wp-json\/wp\/v2\/tags?post=32207"}],"curies":[{"name":"wp","href":"https:\/\/api.w.org\/{rel}","templated":true}]}}